{"id":10213,"date":"2021-09-14T10:41:27","date_gmt":"2021-09-14T08:41:27","guid":{"rendered":"https:\/\/www.vivreaveclevih.org\/facebook\/"},"modified":"2021-09-14T10:41:27","modified_gmt":"2021-09-14T08:41:27","slug":"facebook","status":"publish","type":"post","link":"https:\/\/www.vivreaveclevih.org\/fr\/facebook\/","title":{"rendered":"Facebook"},"content":{"rendered":"<p>\ud83d\udce2 Un \u00e9change entre personnes vivant avec le VIH et professionnel\u00b7les de la sant\u00e9 sur un mode informel et \u00e0 pied d&rsquo;\u00e9galit\u00e9, c&rsquo;est possible ! \ud83e\udd1d<\/p>\n<p>\ud83d\udc49 Rendez-vous aux Ateliers des Tanneurs (BXL) le samedi 25 septembre pour la seconde Journ\u00e9e Nationale Sant\u00e9 Positive &#8211; VIH !<\/p>\n<p>\u27a1\ufe0f Informations et inscriptions : <a href=\"https:\/\/preventionsida.org\/fr\/deuxieme-journee-nationale-sante-positive-vih\/\" target=\"_blank\" rel=\"noopener\">https:\/\/preventionsida.org\/fr\/deuxieme-journee-nationale-sante-positive-vih\/<\/a><\/p>\n","protected":false},"excerpt":{"rendered":"<p>\ud83d\udce2 Un \u00e9change entre personnes vivant avec le VIH et professionnel\u00b7les de la sant\u00e9 sur un mode informel et \u00e0 [&hellip;]<\/p>\n","protected":false},"author":1,"featured_media":10214,"comment_status":"closed","ping_status":"closed","sticky":false,"template":"","format":"standard","meta":{"_acf_changed":false,"footnotes":""},"categories":[13],"tags":[],"class_list":["post-10213","post","type-post","status-publish","format-standard","has-post-thumbnail","hentry","category-facebook"],"acf":{"contenu_flexible":null,"sidebar":null},"_links":{"self":[{"href":"https:\/\/www.vivreaveclevih.org\/fr\/wp-json\/wp\/v2\/posts\/10213","targetHints":{"allow":["GET"]}}],"collection":[{"href":"https:\/\/www.vivreaveclevih.org\/fr\/wp-json\/wp\/v2\/posts"}],"about":[{"href":"https:\/\/www.vivreaveclevih.org\/fr\/wp-json\/wp\/v2\/types\/post"}],"author":[{"embeddable":true,"href":"https:\/\/www.vivreaveclevih.org\/fr\/wp-json\/wp\/v2\/users\/1"}],"replies":[{"embeddable":true,"href":"https:\/\/www.vivreaveclevih.org\/fr\/wp-json\/wp\/v2\/comments?post=10213"}],"version-history":[{"count":0,"href":"https:\/\/www.vivreaveclevih.org\/fr\/wp-json\/wp\/v2\/posts\/10213\/revisions"}],"wp:featuredmedia":[{"embeddable":true,"href":"https:\/\/www.vivreaveclevih.org\/fr\/wp-json\/wp\/v2\/media\/10214"}],"wp:attachment":[{"href":"https:\/\/www.vivreaveclevih.org\/fr\/wp-json\/wp\/v2\/media?parent=10213"}],"wp:term":[{"taxonomy":"category","embeddable":true,"href":"https:\/\/www.vivreaveclevih.org\/fr\/wp-json\/wp\/v2\/categories?post=10213"},{"taxonomy":"post_tag","embeddable":true,"href":"https:\/\/www.vivreaveclevih.org\/fr\/wp-json\/wp\/v2\/tags?post=10213"}],"curies":[{"name":"wp","href":"https:\/\/api.w.org\/{rel}","templated":true}]}}