{"id":10465,"date":"2021-11-25T14:00:22","date_gmt":"2021-11-25T13:00:22","guid":{"rendered":"https:\/\/www.vivreaveclevih.org\/?p=10465"},"modified":"2021-11-25T14:00:41","modified_gmt":"2021-11-25T13:00:41","slug":"enquete-europeenne-sur-la-stigmatisation-liee-au-vih","status":"publish","type":"post","link":"https:\/\/www.vivreaveclevih.org\/fr\/enquete-europeenne-sur-la-stigmatisation-liee-au-vih\/","title":{"rendered":"Enqu\u00eate europ\u00e9enne sur la stigmatisation li\u00e9e au VIH"},"content":{"rendered":"","protected":false},"excerpt":{"rendered":"","protected":false},"author":4,"featured_media":10468,"comment_status":"closed","ping_status":"closed","sticky":false,"template":"","format":"standard","meta":{"_acf_changed":false,"footnotes":""},"categories":[15],"tags":[],"class_list":["post-10465","post","type-post","status-publish","format-standard","has-post-thumbnail","hentry","category-news"],"acf":{"sidebar":false,"contenu_flexible":[{"acf_fc_layout":"textfull","text":"<p style=\"font-weight: 400;\">L&rsquo;ECDC\/AAE\/EATG a lanc\u00e9 la toute\u00a0<b><strong>premi\u00e8re enqu\u00eate europ\u00e9enne sur la stigmatisation li\u00e9e au VIH<\/strong><\/b>.<\/p>\n<p style=\"font-weight: 400;\">L&rsquo;objectif de cette enqu\u00eate est d&rsquo;interroger les personnes vivant avec le VIH en Europe et en Asie centrale sur leur exp\u00e9rience de la stigmatisation. Mettre fin \u00e0 la stigmatisation est l&rsquo;un des principaux objectifs de d\u00e9veloppement durable, et \u00e0 ce jour, des mesures \u00e0 l&rsquo;\u00e9chelle r\u00e9gionale pour \u00e9valuer les progr\u00e8s vers la r\u00e9alisation de cet objectif ne sont pas disponibles. L&rsquo;ECDC a l&rsquo;intention de r\u00e9p\u00e9ter l&rsquo;enqu\u00eate plusieurs fois \u00e0 mesure des progr\u00e8s vers l&rsquo;objectif de z\u00e9ro stigmatisation et discrimination d&rsquo;ici 2030. Les r\u00e9sultats de cette enqu\u00eate seront utilis\u00e9s pour informer les d\u00e9cideurs et les responsables politiques sur l&rsquo;importance de la lutte contre la stigmatisation et la discrimination dans nos communaut\u00e9s.<\/p>\n<p>&nbsp;<\/p>\n","background_color":false},{"acf_fc_layout":"textfull","text":"<p class=\"myleft\">Si vous vivez avec le VIH, vous pouvez les aider en r\u00e9pondant \u00e0 cette enqu\u00eate.<\/p>\n<p class=\"myleft\"><strong>L\u2019enqu\u00eate est anonyme et confidentielle. Aucune information permettant d\u2019identifier les participant\u00b7es ne sera collect\u00e9e. Les adresses IP ne seront pas non plus enregistr\u00e9es.<br \/>\n<\/strong><\/p>\n<p class=\"myleft\">L\u2019enqu\u00eate est disponible en ligne et prend entre 10 et 20 minutes. Les questions portent sur vos exp\u00e9riences de la stigmatisation et de la discrimination li\u00e9es au VIH.<\/p>\n","background_color":true},{"acf_fc_layout":"imagetext","image":10466,"text":"<p><a class=\"btn-center\" href=\"https:\/\/ec.europa.eu\/eusurvey\/runner\/CommunityStigmaSurvey?surveylanguage=FR\">Cliquer sur ce lien ou scannez le QR code<\/a><\/p>\n<p>L\u2019enqu\u00eate sera disponible jusqu\u2019au 9 janvier 2022.<\/p>\n<p>L&rsquo;enqu\u00eate est \u00e9galement en anglais et en flamand.<\/p>\n","background_color":false,"link_image":""}]},"_links":{"self":[{"href":"https:\/\/www.vivreaveclevih.org\/fr\/wp-json\/wp\/v2\/posts\/10465","targetHints":{"allow":["GET"]}}],"collection":[{"href":"https:\/\/www.vivreaveclevih.org\/fr\/wp-json\/wp\/v2\/posts"}],"about":[{"href":"https:\/\/www.vivreaveclevih.org\/fr\/wp-json\/wp\/v2\/types\/post"}],"author":[{"embeddable":true,"href":"https:\/\/www.vivreaveclevih.org\/fr\/wp-json\/wp\/v2\/users\/4"}],"replies":[{"embeddable":true,"href":"https:\/\/www.vivreaveclevih.org\/fr\/wp-json\/wp\/v2\/comments?post=10465"}],"version-history":[{"count":3,"href":"https:\/\/www.vivreaveclevih.org\/fr\/wp-json\/wp\/v2\/posts\/10465\/revisions"}],"predecessor-version":[{"id":10470,"href":"https:\/\/www.vivreaveclevih.org\/fr\/wp-json\/wp\/v2\/posts\/10465\/revisions\/10470"}],"wp:featuredmedia":[{"embeddable":true,"href":"https:\/\/www.vivreaveclevih.org\/fr\/wp-json\/wp\/v2\/media\/10468"}],"wp:attachment":[{"href":"https:\/\/www.vivreaveclevih.org\/fr\/wp-json\/wp\/v2\/media?parent=10465"}],"wp:term":[{"taxonomy":"category","embeddable":true,"href":"https:\/\/www.vivreaveclevih.org\/fr\/wp-json\/wp\/v2\/categories?post=10465"},{"taxonomy":"post_tag","embeddable":true,"href":"https:\/\/www.vivreaveclevih.org\/fr\/wp-json\/wp\/v2\/tags?post=10465"}],"curies":[{"name":"wp","href":"https:\/\/api.w.org\/{rel}","templated":true}]}}