{"id":10485,"date":"2021-11-29T11:19:09","date_gmt":"2021-11-29T10:19:09","guid":{"rendered":"https:\/\/www.vivreaveclevih.org\/facebook-21\/"},"modified":"2021-11-29T11:19:09","modified_gmt":"2021-11-29T10:19:09","slug":"facebook-21","status":"publish","type":"post","link":"https:\/\/www.vivreaveclevih.org\/fr\/facebook-21\/","title":{"rendered":"Facebook"},"content":{"rendered":"<p>Philippine vit avec le VIH mais, gr\u00e2ce \u00e0 son traitement, elle sait que son conjoint ne court aucun risque. Ensemble, ils se sont inform\u00e9s !<br \/>\n\u2795 d&rsquo;information pour \u2796 de discrimination sur www.preventionsida.org \u2705<\/p>\n","protected":false},"excerpt":{"rendered":"<p>Philippine vit avec le VIH mais, gr\u00e2ce \u00e0 son traitement, elle sait que son conjoint ne court aucun risque. Ensemble, [&hellip;]<\/p>\n","protected":false},"author":1,"featured_media":0,"comment_status":"closed","ping_status":"closed","sticky":false,"template":"","format":"standard","meta":{"_acf_changed":false,"footnotes":""},"categories":[13],"tags":[],"class_list":["post-10485","post","type-post","status-publish","format-standard","hentry","category-facebook"],"acf":{"contenu_flexible":null,"sidebar":null},"_links":{"self":[{"href":"https:\/\/www.vivreaveclevih.org\/fr\/wp-json\/wp\/v2\/posts\/10485","targetHints":{"allow":["GET"]}}],"collection":[{"href":"https:\/\/www.vivreaveclevih.org\/fr\/wp-json\/wp\/v2\/posts"}],"about":[{"href":"https:\/\/www.vivreaveclevih.org\/fr\/wp-json\/wp\/v2\/types\/post"}],"author":[{"embeddable":true,"href":"https:\/\/www.vivreaveclevih.org\/fr\/wp-json\/wp\/v2\/users\/1"}],"replies":[{"embeddable":true,"href":"https:\/\/www.vivreaveclevih.org\/fr\/wp-json\/wp\/v2\/comments?post=10485"}],"version-history":[{"count":0,"href":"https:\/\/www.vivreaveclevih.org\/fr\/wp-json\/wp\/v2\/posts\/10485\/revisions"}],"wp:attachment":[{"href":"https:\/\/www.vivreaveclevih.org\/fr\/wp-json\/wp\/v2\/media?parent=10485"}],"wp:term":[{"taxonomy":"category","embeddable":true,"href":"https:\/\/www.vivreaveclevih.org\/fr\/wp-json\/wp\/v2\/categories?post=10485"},{"taxonomy":"post_tag","embeddable":true,"href":"https:\/\/www.vivreaveclevih.org\/fr\/wp-json\/wp\/v2\/tags?post=10485"}],"curies":[{"name":"wp","href":"https:\/\/api.w.org\/{rel}","templated":true}]}}