{"id":10487,"date":"2021-11-29T17:11:53","date_gmt":"2021-11-29T16:11:53","guid":{"rendered":"https:\/\/www.vivreaveclevih.org\/?p=10487"},"modified":"2024-03-25T11:41:59","modified_gmt":"2024-03-25T10:41:59","slug":"pensee-positive-la-serie-qui-fait-du-bien-a-la-sante-mentale-des-personnes-vivant-avec-le-vih","status":"publish","type":"post","link":"https:\/\/www.vivreaveclevih.org\/fr\/pensee-positive-la-serie-qui-fait-du-bien-a-la-sante-mentale-des-personnes-vivant-avec-le-vih\/","title":{"rendered":"\u00ab Pens\u00e9e Positive \u00bb, la s\u00e9rie qui fait du bien \u00e0 la sant\u00e9 mentale des personnes vivant avec le VIH."},"content":{"rendered":"","protected":false},"excerpt":{"rendered":"","protected":false},"author":4,"featured_media":10488,"comment_status":"closed","ping_status":"closed","sticky":false,"template":"","format":"standard","meta":{"_acf_changed":false,"footnotes":""},"categories":[15],"tags":[],"class_list":["post-10487","post","type-post","status-publish","format-standard","has-post-thumbnail","hentry","category-news"],"acf":{"sidebar":false,"contenu_flexible":[{"acf_fc_layout":"textfull","text":"<p>La sant\u00e9 est d\u00e9finie par l\u2019OMS comme \u00e9tant \u00ab\u00a0un \u00e9tat de complet bien-\u00eatre physique, mental et social, et [qui] ne consiste pas seulement en une absence de maladie ou d\u2019infirmit\u00e9\u00a0\u00bb. <strong>La sant\u00e9 mentale fait donc partie int\u00e9grante de la sant\u00e9.<\/strong><\/p>\n<p>Les personnes vivant avec le VIH du fait de diff\u00e9rents facteurs sont vuln\u00e9rables aux troubles de la sant\u00e9 mentale\u00a0: situation socioprofessionnelle, stress, infection au VIH, traitements, poids du secret, discrimination (multiples, auto-discrimination, intra-communautaire), etc. Or, ces troubles peuvent impacter n\u00e9gativement la qualit\u00e9 de vie, tenir les personnes \u00e9loign\u00e9es des soins de sant\u00e9, perturber la prise des traitements et donc emp\u00eacher les personnes d\u2019atteindre une charge virale ind\u00e9tectable. <strong>Il n\u2019y a donc pas de sant\u00e9 sans sant\u00e9 mentale, d\u2019o\u00f9 l\u2019importance de la pr\u00e9server<\/strong>.<\/p>\n<p>Il est cependant difficile pour de nombreuses personnes vivant avec le VIH d\u2019aborder ces questions, car il faut savoir reconna\u00eetre les signaux d\u2019alarme, oser reconna\u00eetre qu\u2019on a besoin d\u2019aide, trouver le bon interlocuteur (un m\u00e9decin ? un psychologue ? un ami ?) et accepter l\u2019aide qui leur est propos\u00e9e.<\/p>\n<p>Le groupe Actions Plus s\u2019est donc pench\u00e9 sur cette th\u00e9matique et s\u2019est pos\u00e9 la question\u00a0: comment informer les personnes vivant avec le VIH et les inviter \u00e0 prendre soin de leur sant\u00e9 mentale\u00a0? Le sujet \u00e9tant difficile \u00e0 aborder, le contenu devait \u00eatre accessible et attractif. <strong>C\u2019est ainsi qu\u2019est n\u00e9 le projet de cr\u00e9ation d\u2019une s\u00e9rie de vid\u00e9os scribbing, des vid\u00e9os anim\u00e9es mettant en sc\u00e8ne des personnages de bande dessin\u00e9es.<\/strong> Le groupe s\u2019est r\u00e9uni plusieurs fois pour d\u00e9terminer les th\u00e9matiques de chaque vid\u00e9o selon les besoins exprim\u00e9s par les personnes vivant avec le VIH, puis les textes informatifs lus par l\u2019acteur, et enfin les scripts de chaque vid\u00e9o pour les dessins. Le groupe a tenu compte de l\u2019avis de psychologues des Centres de r\u00e9f\u00e9rence VIH pour l\u2019\u00e9criture des textes.<\/p>\n","background_color":false},{"acf_fc_layout":"imagetext","image":10489,"text":"<p>La s\u00e9rie \u00ab Pens\u00e9e Positive \u00bb se d\u00e9cline en trois vid\u00e9os :<\/p>\n<p><a href=\"https:\/\/youtu.be\/REyN0-pQO1U\">Episode 1\u00a0: Le bien-\u00eatre \u00e9motionnel et mental, c\u2019est important !<\/a><\/p>\n<p><a href=\"https:\/\/www.youtube.com\/watch?v=Kqo_mYhFUrU&amp;list=PLigquY2TMTT5fyFYjp0QoyvvQm8mamSjY&amp;index=2\">Episode 2 : Comment prendre soin de son bien-\u00eatre \u00e9motionnel et mental ?<\/a><\/p>\n<p><a href=\"https:\/\/www.youtube.com\/watch?v=zRlW5w5HgfE\">Episode 3 : Ma sant\u00e9 mentale, quand dois-je m&rsquo;inqui\u00e9ter ?<\/a><\/p>\n<p>&nbsp;<\/p>\n","background_color":false,"link_image":""},{"acf_fc_layout":"video","video_id":"REyN0-pQO1U"},{"acf_fc_layout":"video","video_id":"Kqo_mYhFUrU"},{"acf_fc_layout":"video","video_id":"zRlW5w5HgfE"}]},"_links":{"self":[{"href":"https:\/\/www.vivreaveclevih.org\/fr\/wp-json\/wp\/v2\/posts\/10487","targetHints":{"allow":["GET"]}}],"collection":[{"href":"https:\/\/www.vivreaveclevih.org\/fr\/wp-json\/wp\/v2\/posts"}],"about":[{"href":"https:\/\/www.vivreaveclevih.org\/fr\/wp-json\/wp\/v2\/types\/post"}],"author":[{"embeddable":true,"href":"https:\/\/www.vivreaveclevih.org\/fr\/wp-json\/wp\/v2\/users\/4"}],"replies":[{"embeddable":true,"href":"https:\/\/www.vivreaveclevih.org\/fr\/wp-json\/wp\/v2\/comments?post=10487"}],"version-history":[{"count":8,"href":"https:\/\/www.vivreaveclevih.org\/fr\/wp-json\/wp\/v2\/posts\/10487\/revisions"}],"predecessor-version":[{"id":11540,"href":"https:\/\/www.vivreaveclevih.org\/fr\/wp-json\/wp\/v2\/posts\/10487\/revisions\/11540"}],"wp:featuredmedia":[{"embeddable":true,"href":"https:\/\/www.vivreaveclevih.org\/fr\/wp-json\/wp\/v2\/media\/10488"}],"wp:attachment":[{"href":"https:\/\/www.vivreaveclevih.org\/fr\/wp-json\/wp\/v2\/media?parent=10487"}],"wp:term":[{"taxonomy":"category","embeddable":true,"href":"https:\/\/www.vivreaveclevih.org\/fr\/wp-json\/wp\/v2\/categories?post=10487"},{"taxonomy":"post_tag","embeddable":true,"href":"https:\/\/www.vivreaveclevih.org\/fr\/wp-json\/wp\/v2\/tags?post=10487"}],"curies":[{"name":"wp","href":"https:\/\/api.w.org\/{rel}","templated":true}]}}