{"id":10644,"date":"2022-04-15T11:03:43","date_gmt":"2022-04-15T09:03:43","guid":{"rendered":"https:\/\/www.vivreaveclevih.org\/facebook-38\/"},"modified":"2022-04-15T11:03:43","modified_gmt":"2022-04-15T09:03:43","slug":"facebook-38","status":"publish","type":"post","link":"https:\/\/www.vivreaveclevih.org\/fr\/facebook-38\/","title":{"rendered":"Facebook"},"content":{"rendered":"<p>Les ateliers d&rsquo;\u00e9ducation th\u00e9rapeutique reprennent au CETIM (CHU Saint-Pierre | UMC Sint-Pieter) ! Le 3 mai 2022 de 14h \u00e0 17h, venez discuter des vaccins avec le Docteur Martin. \ud83e\udd13<br \/>\n\u2022 Les vaccins en g\u00e9n\u00e9ral<br \/>\n\u2022 Leurs modes de fonctionnement<br \/>\n\u2022 Les risques et b\u00e9n\u00e9fices<br \/>\n\u2022 Les vaccins et le VIH<br \/>\n\u2022 Qu\u2019en est-il d\u2019un vaccin contre le VIH ?<\/p>\n<p>Inscriptions aupr\u00e8s de Mme VAN HAUWERMEIREN (di\u00e9t\u00e9ticienne) Mme BARTHELEMY (psychologue). Plus d&rsquo;infos \u2b07\ufe0f\u2b07\ufe0f<br \/>\n<a href=\"https:\/\/www.vivreaveclevih.org\/fr\/agenda\/atelier-deducation-therapeutique-chu-saint-pierre\/\" target=\"_blank\" rel=\"noopener\">https:\/\/www.vivreaveclevih.org\/fr\/agenda\/atelier-deducation-therapeutique-chu-saint-pierre\/<\/a><\/p>\n","protected":false},"excerpt":{"rendered":"<p>Les ateliers d&rsquo;\u00e9ducation th\u00e9rapeutique reprennent au CETIM (CHU Saint-Pierre | UMC Sint-Pieter) ! Le 3 mai 2022 de 14h \u00e0 [&hellip;]<\/p>\n","protected":false},"author":1,"featured_media":0,"comment_status":"closed","ping_status":"closed","sticky":false,"template":"","format":"standard","meta":{"_acf_changed":false,"footnotes":""},"categories":[13],"tags":[],"class_list":["post-10644","post","type-post","status-publish","format-standard","hentry","category-facebook"],"acf":{"contenu_flexible":null,"sidebar":null},"_links":{"self":[{"href":"https:\/\/www.vivreaveclevih.org\/fr\/wp-json\/wp\/v2\/posts\/10644","targetHints":{"allow":["GET"]}}],"collection":[{"href":"https:\/\/www.vivreaveclevih.org\/fr\/wp-json\/wp\/v2\/posts"}],"about":[{"href":"https:\/\/www.vivreaveclevih.org\/fr\/wp-json\/wp\/v2\/types\/post"}],"author":[{"embeddable":true,"href":"https:\/\/www.vivreaveclevih.org\/fr\/wp-json\/wp\/v2\/users\/1"}],"replies":[{"embeddable":true,"href":"https:\/\/www.vivreaveclevih.org\/fr\/wp-json\/wp\/v2\/comments?post=10644"}],"version-history":[{"count":0,"href":"https:\/\/www.vivreaveclevih.org\/fr\/wp-json\/wp\/v2\/posts\/10644\/revisions"}],"wp:attachment":[{"href":"https:\/\/www.vivreaveclevih.org\/fr\/wp-json\/wp\/v2\/media?parent=10644"}],"wp:term":[{"taxonomy":"category","embeddable":true,"href":"https:\/\/www.vivreaveclevih.org\/fr\/wp-json\/wp\/v2\/categories?post=10644"},{"taxonomy":"post_tag","embeddable":true,"href":"https:\/\/www.vivreaveclevih.org\/fr\/wp-json\/wp\/v2\/tags?post=10644"}],"curies":[{"name":"wp","href":"https:\/\/api.w.org\/{rel}","templated":true}]}}