{"id":10696,"date":"2022-05-30T14:52:50","date_gmt":"2022-05-30T12:52:50","guid":{"rendered":"https:\/\/www.vivreaveclevih.org\/?p=10696"},"modified":"2022-05-30T15:24:36","modified_gmt":"2022-05-30T13:24:36","slug":"vie-affective-et-sexuelle-cest-le-printemps-sortez-et-faites-de-belles-rencontres","status":"publish","type":"post","link":"https:\/\/www.vivreaveclevih.org\/fr\/vie-affective-et-sexuelle-cest-le-printemps-sortez-et-faites-de-belles-rencontres\/","title":{"rendered":"Vie affective et sexuelle \u00ab c\u2019est le printemps, sortez et faites de belles rencontres \u00bb."},"content":{"rendered":"","protected":false},"excerpt":{"rendered":"","protected":false},"author":4,"featured_media":10713,"comment_status":"closed","ping_status":"closed","sticky":false,"template":"","format":"standard","meta":{"_acf_changed":false,"footnotes":""},"categories":[15],"tags":[130,131,133],"class_list":["post-10696","post","type-post","status-publish","format-standard","has-post-thumbnail","hentry","category-news","tag-actualite","tag-mai","tag-vie-affective"],"acf":{"sidebar":211,"contenu_flexible":[{"acf_fc_layout":"textfull","text":"<p>Claude Roy a dit dans un joli po\u00e8me\u00a0:<\/p>\n<p style=\"text-align: center;\"><em>Apr\u00e8s tout ce blanc vient le vert<\/em><\/p>\n<p style=\"text-align: center;\"><em>\u00a0 \u00a0 \u00a0 \u00a0 \u00a0 \u00a0 \u00a0 \u00a0 \u00a0 \u00a0 \u00a0 \u00a0 \u00a0 \u00a0 \u00a0 \u00a0 \u00a0 \u00a0 \u00a0 \u00a0 \u00a0 \u00a0 \u00a0 \u00a0 \u00a0 \u00a0 \u00a0 \u00a0 \u00a0 \u00a0 \u00a0 \u00a0 \u00a0 \u00a0 \u00a0 \u00a0 \u00a0 \u00a0 \u00a0 \u00a0 \u00a0 Le printemps vient apr\u00e8s l\u2019hiver<\/em><\/p>\n<p style=\"text-align: center;\"><em>Apr\u00e8s le grand froid, le soleil<\/em><\/p>\n<p style=\"text-align: center;\"><em>\u00a0 \u00a0 \u00a0 \u00a0 \u00a0 \u00a0 \u00a0 \u00a0 \u00a0 \u00a0 \u00a0 \u00a0 \u00a0 \u00a0 \u00a0 \u00a0 \u00a0 \u00a0 \u00a0 \u00a0 \u00a0 \u00a0 \u00a0 \u00a0 \u00a0 \u00a0 \u00a0 \u00a0 \u00a0 \u00a0 \u00a0 \u00a0 \u00a0 \u00a0 \u00a0 Apr\u00e8s la neige vient le nid<\/em><\/p>\n<p style=\"text-align: center;\"><em>Apr\u00e8s le noir vient le r\u00e9veil<\/em><\/p>\n<p style=\"text-align: center;\"><em>\u00a0 \u00a0 \u00a0 \u00a0 \u00a0 \u00a0 \u00a0 \u00a0 \u00a0 \u00a0 \u00a0 \u00a0 \u00a0 \u00a0 \u00a0 \u00a0 \u00a0 \u00a0 \u00a0 \u00a0 \u00a0 \u00a0 \u00a0 \u00a0 \u00a0 \u00a0 \u00a0 \u00a0 \u00a0 \u00a0 \u00a0 \u00a0 \u00a0 \u00a0 \u00a0 \u00a0L\u2019histoire n\u2019est jamais finie<\/em><\/p>\n<p style=\"text-align: center;\"><em>Apr\u00e8s tout ce blanc vient le vert<\/em><\/p>\n<p style=\"text-align: center;\"><em>\u00a0 \u00a0 \u00a0 \u00a0 \u00a0 \u00a0 \u00a0 \u00a0 \u00a0 \u00a0 \u00a0 \u00a0 \u00a0 \u00a0 \u00a0 \u00a0 \u00a0 \u00a0 \u00a0 \u00a0 \u00a0 \u00a0 \u00a0 \u00a0 \u00a0 \u00a0 \u00a0 \u00a0 \u00a0 \u00a0 \u00a0 \u00a0 \u00a0 \u00a0 \u00a0 \u00a0 \u00a0 \u00a0 \u00a0 \u00a0Le printemps vient apr\u00e8s l\u2019hiver<\/em><\/p>\n<p style=\"text-align: center;\"><em>Et apr\u00e8s la pluie le beau temps<\/em><\/p>\n","background_color":false},{"acf_fc_layout":"textfull","text":"<p>Pour nous qui vivons avec le <a href=\"https:\/\/www.vivreaveclevih.org\/fr\/vih\/le-vih-cest-quoi\/\">VIH<\/a>, le printemps revient aussi, et nous aimerions faire de belles rencontres, nous \u00e9panouir et \u00eatre heureux\u00b7ses. Nous en avons assez de la solitude, du rejet ou du jugement qui nous tuent \u00e0 petit feu.<\/p>\n<p>Alors, suivons le dicton \u00ab\u00a0en mai, fais ce qu\u2019il te plait\u00a0\u00bb. Au placard la peur et la culpabilit\u00e9 qui freinent les amours\u00a0!<\/p>\n<p>Ce n\u2019est pas parce que le virus est en nous que notre beaut\u00e9, int\u00e9rieure et ext\u00e9rieure, s\u2019est envol\u00e9e. M\u00eame si nous pensons ne plus avoir de <a href=\"https:\/\/www.vivreaveclevih.org\/fr\/vivre-avec-le-vih\/prendre-soin-de-moi\/\">vie amoureuse ou sentimentale<\/a>, nous pouvons avoir des relations amicales et familiales qui nous font du bien.<\/p>\n<p><img loading=\"lazy\" decoding=\"async\" class=\"alignnone size-medium wp-image-10698 aligncenter\" src=\"https:\/\/www.vivreaveclevih.org\/wp-content\/uploads\/2022\/05\/people-ge3fffa974_1920-300x200.jpg\" alt=\"\" width=\"300\" height=\"200\" srcset=\"https:\/\/www.vivreaveclevih.org\/wp-content\/uploads\/2022\/05\/people-ge3fffa974_1920-300x200.jpg 300w, https:\/\/www.vivreaveclevih.org\/wp-content\/uploads\/2022\/05\/people-ge3fffa974_1920-1024x683.jpg 1024w, https:\/\/www.vivreaveclevih.org\/wp-content\/uploads\/2022\/05\/people-ge3fffa974_1920-768x512.jpg 768w, https:\/\/www.vivreaveclevih.org\/wp-content\/uploads\/2022\/05\/people-ge3fffa974_1920-1536x1024.jpg 1536w, https:\/\/www.vivreaveclevih.org\/wp-content\/uploads\/2022\/05\/people-ge3fffa974_1920-500x333.jpg 500w, https:\/\/www.vivreaveclevih.org\/wp-content\/uploads\/2022\/05\/people-ge3fffa974_1920.jpg 1920w\" sizes=\"auto, (max-width: 300px) 100vw, 300px\" \/><\/p>\n","background_color":false},{"acf_fc_layout":"doubleblock","content_block_left":"<p>Ces deux ann\u00e9es de solitude et d\u2019\u00e9loignement nous ont marqu\u00e9\u00b7es et nous ont rappel\u00e9\u00b7es les ann\u00e9es sombres du VIH\/sida. Mais ne nous laissons pas abattre. Nous pouvons jouir de ce beau soleil printanier pour faire de nouvelles rencontres ou revoir celles\u00b7ceux qui nous ont manqu\u00e9\u00b7es.<\/p>\n","background_color_left":false,"content_block_right":"<p>Dans la nature, le printemps est signe de renouveau. Alors appr\u00e9cions nous aussi ce renouveau qui nous est accord\u00e9 pour nous lancer dans la d\u00e9couverte. Si ces deux ann\u00e9es nous ont appris quelque chose, c\u2019est que nous, les humains, sommes des personnes de contact et que cela nous a manqu\u00e9. Alors, profitons de cette libert\u00e9 retrouv\u00e9e et reprenons ces contacts si essentiels \u00e0 notre bien-\u00eatre.<\/p>\n","background_color_right":false},{"acf_fc_layout":"imagetext","image":10701,"text":"<h2>Quant au VIH, les ann\u00e9es de silence, d\u2019angoisse et d\u2019attente de la mort sont pass\u00e9es.<\/h2>\n<p>Les <a href=\"https:\/\/www.vivreaveclevih.org\/fr\/traitement\/vih\/les-traitements-contre-le-vih\/\">traitements<\/a> nous ont permis de revivre, de rebondir et de nous projeter. Mais cette projection ne peut pas se faire dans la solitude : il faut s\u2019accepter, s\u2019aimer, s\u2019ouvrir aux autres, se faire plaisir et s\u2019\u00e9panouir. Le VIH ne doit pas emp\u00eacher nos c\u0153urs de battre pour un amour vrai et sinc\u00e8re. Un amour qui valorise notre beaut\u00e9 int\u00e9rieure et ext\u00e9rieure. Un amour qui ne repousse et ne rejette pas la personne du simple fait qu&rsquo;elle vit avec le VIH. Un amour qui ne change pas d\u2019humeur et de position quand le statut s\u00e9rologique est r\u00e9v\u00e9l\u00e9. Un amour qui se partage sans aucune crainte d\u2019\u00eatre contamin\u00e9\u00b7e, surtout quand la <a href=\"https:\/\/www.vivreaveclevih.org\/fr\/vih\/la-charge-virale-cest-quoi\/\">charge virale<\/a> est ind\u00e9tectable. Un amour qui ne r\u00e9duit pas les personnes vivant avec le VIH au virus du SIDA mais qui les consid\u00e8re comme des personnes \u00e0 part enti\u00e8re avec des sentiments, des capacit\u00e9s \u00e0 aimer et \u00e0 \u00eatre aim\u00e9\u00b7es. A la recherche de cet amour, certain\u00b7es d\u2019entre nous se sont parfois heurt\u00e9\u00b7es au <a href=\"https:\/\/www.vivreaveclevih.org\/fr\/mes-droits\/victime-de-discrimination-que-faire\/\">rejet et \u00e0 la stigmatisation<\/a> venant de personnes ignorantes et mal inform\u00e9es. Ce rejet leur a fait mal et les a pouss\u00e9\u00b7es au renoncement de l\u2019amour et\/ou \u00e0 l\u2019isolement.<\/p>\n","background_color":false,"link_image":""},{"acf_fc_layout":"textimage","text":"<h2>Que vous dire ?<\/h2>\n<p>Gr\u00e2ce au traitement, nous, les personnes vivant avec le VIH, ne sommes pas \u00e0 craindre, car avec le concept de i=i (<a href=\"https:\/\/www.vivreaveclevih.org\/fr\/protection\/indetectable-intransmissible-ou-ii\/\">ind\u00e9tectable= intransmissible<\/a>) nous ne pouvons plus transmettre le virus ni \u00e0 nos partenaires ni \u00e0 nos enfants et nous pouvons avoir des rapports sexuels sans <a href=\"https:\/\/www.vivreaveclevih.org\/fr\/protection\/le-preservatif\/\">pr\u00e9servatif<\/a>. Peut-\u00eatre qu\u2019en tant que lecteur\u00b7lectrice vous avez des doutes en entendant cela, mais c\u2019est bien r\u00e9el. Renseignez-vous aupr\u00e8s des m\u00e9decins sp\u00e9cialistes du VIH, des m\u00e9decins g\u00e9n\u00e9ralistes ou des associations pour \u00e9viter de repousser les personnes vivant avec le VIH sans raison.<\/p>\n<p><img loading=\"lazy\" decoding=\"async\" class=\"alignnone size-medium wp-image-10716 aligncenter\" src=\"https:\/\/www.vivreaveclevih.org\/wp-content\/uploads\/2022\/05\/embrace-g8c09df681_1920-300x200.jpg\" alt=\"\" width=\"300\" height=\"200\" srcset=\"https:\/\/www.vivreaveclevih.org\/wp-content\/uploads\/2022\/05\/embrace-g8c09df681_1920-300x200.jpg 300w, https:\/\/www.vivreaveclevih.org\/wp-content\/uploads\/2022\/05\/embrace-g8c09df681_1920-1024x682.jpg 1024w, https:\/\/www.vivreaveclevih.org\/wp-content\/uploads\/2022\/05\/embrace-g8c09df681_1920-768x512.jpg 768w, https:\/\/www.vivreaveclevih.org\/wp-content\/uploads\/2022\/05\/embrace-g8c09df681_1920-1536x1023.jpg 1536w, https:\/\/www.vivreaveclevih.org\/wp-content\/uploads\/2022\/05\/embrace-g8c09df681_1920-500x333.jpg 500w, https:\/\/www.vivreaveclevih.org\/wp-content\/uploads\/2022\/05\/embrace-g8c09df681_1920.jpg 1920w\" sizes=\"auto, (max-width: 300px) 100vw, 300px\" \/><\/p>\n","image":10707,"background_color":false,"link_image":""},{"acf_fc_layout":"textfull","text":"<blockquote><p>A tous nos pairs vivant avec le VIH qui ont d\u00e9j\u00e0 \u00e9t\u00e9 rejet\u00e9.es, ne renoncez pas \u00e0 l\u2019amour. Un jour, vous pourriez tomber sur une personne bien inform\u00e9e qui vous acceptera tel.le que vous \u00eates.<\/p><\/blockquote>\n<p>&nbsp;<\/p>\n<p><strong>A vous aussi qui avez une vie sexuelle active<\/strong>, pensez \u00e0 faire r\u00e9guli\u00e8rement un contr\u00f4le pour les autres <a href=\"https:\/\/www.vivreaveclevih.org\/fr\/ist\/les-ist-cest-quoi\/\">infections sexuellement transmissibles<\/a> (IST). En cas de r\u00e9sultat positif, des traitements existent et on peut bien gu\u00e9rir de la plupart des IST.<\/p>\n<p><strong>A vous qui avez des probl\u00e8mes de libido<\/strong>, de panne sexuelle ou un manque de d\u00e9sir, il n\u2019est pas trop tard pour relancer la machine. Parlez-en avec votre m\u00e9decin g\u00e9n\u00e9raliste, sp\u00e9cialiste du VIH, sexologue ou psychologue de votre <a href=\"https:\/\/www.vivreaveclevih.org\/fr\/liens-utiles\/ou-se-soigner\/\">centre de r\u00e9f\u00e9rence VIH<\/a> pour b\u00e9n\u00e9ficier de l\u2019aide et le soutien dont vous avez besoin et ainsi avoir une vie affective et sexuelle \u00e9panouie.<\/p>\n<p><strong>A vous qui craignez le rejet lors de l\u2019annonce du votre statut s\u00e9rologique \u00e0 votre partenaire<\/strong>, prenez le temps d\u2019y r\u00e9fl\u00e9chir et faites-vous accompagner par un\u00b7e professionnel\u00b7le de la sant\u00e9 ou un\u00b7e travailleur\u00b7euse d\u2019une <a href=\"https:\/\/www.vivreaveclevih.org\/fr\/liens-utiles\/associations-vih\/\">association de patient\u00b7es<\/a>. Vous pouvez \u00e9galement sonder, sans trop vous d\u00e9voiler, si la personne est ouverte par rapport aux personnes vivant avec le VIH.<\/p>\n<p>&nbsp;<\/p>\n<p style=\"text-align: center;\">Vive le printemps.<\/p>\n<p style=\"text-align: center;\">Vive l\u2019amour et les rencontres.<\/p>\n<p style=\"text-align: center;\">Vive l\u2019amiti\u00e9 et les retrouvailles.<\/p>\n<p><img loading=\"lazy\" decoding=\"async\" class=\"alignnone size-medium wp-image-10700 aligncenter\" src=\"https:\/\/www.vivreaveclevih.org\/wp-content\/uploads\/2022\/05\/birds-g58d64e6fe_640-300x300.jpg\" alt=\"\" width=\"300\" height=\"300\" srcset=\"https:\/\/www.vivreaveclevih.org\/wp-content\/uploads\/2022\/05\/birds-g58d64e6fe_640-300x300.jpg 300w, https:\/\/www.vivreaveclevih.org\/wp-content\/uploads\/2022\/05\/birds-g58d64e6fe_640-150x150.jpg 150w, https:\/\/www.vivreaveclevih.org\/wp-content\/uploads\/2022\/05\/birds-g58d64e6fe_640-500x500.jpg 500w, https:\/\/www.vivreaveclevih.org\/wp-content\/uploads\/2022\/05\/birds-g58d64e6fe_640.jpg 640w\" sizes=\"auto, (max-width: 300px) 100vw, 300px\" \/><\/p>\n","background_color":false}]},"_links":{"self":[{"href":"https:\/\/www.vivreaveclevih.org\/fr\/wp-json\/wp\/v2\/posts\/10696","targetHints":{"allow":["GET"]}}],"collection":[{"href":"https:\/\/www.vivreaveclevih.org\/fr\/wp-json\/wp\/v2\/posts"}],"about":[{"href":"https:\/\/www.vivreaveclevih.org\/fr\/wp-json\/wp\/v2\/types\/post"}],"author":[{"embeddable":true,"href":"https:\/\/www.vivreaveclevih.org\/fr\/wp-json\/wp\/v2\/users\/4"}],"replies":[{"embeddable":true,"href":"https:\/\/www.vivreaveclevih.org\/fr\/wp-json\/wp\/v2\/comments?post=10696"}],"version-history":[{"count":10,"href":"https:\/\/www.vivreaveclevih.org\/fr\/wp-json\/wp\/v2\/posts\/10696\/revisions"}],"predecessor-version":[{"id":10718,"href":"https:\/\/www.vivreaveclevih.org\/fr\/wp-json\/wp\/v2\/posts\/10696\/revisions\/10718"}],"wp:featuredmedia":[{"embeddable":true,"href":"https:\/\/www.vivreaveclevih.org\/fr\/wp-json\/wp\/v2\/media\/10713"}],"wp:attachment":[{"href":"https:\/\/www.vivreaveclevih.org\/fr\/wp-json\/wp\/v2\/media?parent=10696"}],"wp:term":[{"taxonomy":"category","embeddable":true,"href":"https:\/\/www.vivreaveclevih.org\/fr\/wp-json\/wp\/v2\/categories?post=10696"},{"taxonomy":"post_tag","embeddable":true,"href":"https:\/\/www.vivreaveclevih.org\/fr\/wp-json\/wp\/v2\/tags?post=10696"}],"curies":[{"name":"wp","href":"https:\/\/api.w.org\/{rel}","templated":true}]}}