{"id":10739,"date":"2022-07-04T12:32:56","date_gmt":"2022-07-04T10:32:56","guid":{"rendered":"https:\/\/www.vivreaveclevih.org\/facebook-44\/"},"modified":"2022-07-04T12:32:56","modified_gmt":"2022-07-04T10:32:56","slug":"facebook-44","status":"publish","type":"post","link":"https:\/\/www.vivreaveclevih.org\/fr\/facebook-44\/","title":{"rendered":"Facebook"},"content":{"rendered":"<p>Le samedi 24 septembre prochain aura lieu la troisi\u00e8me Journ\u00e9e nationale Sant\u00e9 positive VIH, un \u00e9v\u00e9nement qui se veut un espace d\u2019\u00e9change entre personnes vivant avec le VIH et professionnel.les de la sant\u00e9 sur un mode informel et \u00e0 pied d\u2019\u00e9galit\u00e9\ud83e\udec2. La journ\u00e9e s&rsquo;articulera autour des quatre aspects de la sant\u00e9 \u00e0 travers des pr\u00e9sentations et des tables de discussion :<br \/>\n\ud83d\udd39Sant\u00e9 physique<br \/>\n\ud83d\udd39Sant\u00e9 relationnelle et sociale<br \/>\n\ud83d\udd39Sant\u00e9 psychique et existentielle<br \/>\n\ud83d\udd39Sant\u00e9 sexuelle et affective<\/p>\n<p>Un repas offert \u00e0 midi permettra \u00e0 toutes et tous de poursuivre les \u00e9changes autour d\u2019une bonne table.<\/p>\n<p>Info et inscriptions avant le 5 septembre sur <a href=\"https:\/\/www.vivreaveclevih.org\/fr\/agenda\/journee-nationale-sante-positive-vih-2\/\" target=\"_blank\" rel=\"noopener\">https:\/\/www.vivreaveclevih.org\/fr\/agenda\/journee-nationale-sante-positive-vih-2\/<\/a> \ud83d\udc48<\/p>\n","protected":false},"excerpt":{"rendered":"<p>Le samedi 24 septembre prochain aura lieu la troisi\u00e8me Journ\u00e9e nationale Sant\u00e9 positive VIH, un \u00e9v\u00e9nement qui se veut un [&hellip;]<\/p>\n","protected":false},"author":1,"featured_media":0,"comment_status":"closed","ping_status":"closed","sticky":false,"template":"","format":"standard","meta":{"_acf_changed":false,"footnotes":""},"categories":[13],"tags":[],"class_list":["post-10739","post","type-post","status-publish","format-standard","hentry","category-facebook"],"acf":{"contenu_flexible":null,"sidebar":null},"_links":{"self":[{"href":"https:\/\/www.vivreaveclevih.org\/fr\/wp-json\/wp\/v2\/posts\/10739","targetHints":{"allow":["GET"]}}],"collection":[{"href":"https:\/\/www.vivreaveclevih.org\/fr\/wp-json\/wp\/v2\/posts"}],"about":[{"href":"https:\/\/www.vivreaveclevih.org\/fr\/wp-json\/wp\/v2\/types\/post"}],"author":[{"embeddable":true,"href":"https:\/\/www.vivreaveclevih.org\/fr\/wp-json\/wp\/v2\/users\/1"}],"replies":[{"embeddable":true,"href":"https:\/\/www.vivreaveclevih.org\/fr\/wp-json\/wp\/v2\/comments?post=10739"}],"version-history":[{"count":0,"href":"https:\/\/www.vivreaveclevih.org\/fr\/wp-json\/wp\/v2\/posts\/10739\/revisions"}],"wp:attachment":[{"href":"https:\/\/www.vivreaveclevih.org\/fr\/wp-json\/wp\/v2\/media?parent=10739"}],"wp:term":[{"taxonomy":"category","embeddable":true,"href":"https:\/\/www.vivreaveclevih.org\/fr\/wp-json\/wp\/v2\/categories?post=10739"},{"taxonomy":"post_tag","embeddable":true,"href":"https:\/\/www.vivreaveclevih.org\/fr\/wp-json\/wp\/v2\/tags?post=10739"}],"curies":[{"name":"wp","href":"https:\/\/api.w.org\/{rel}","templated":true}]}}