{"id":10782,"date":"2022-07-20T17:59:12","date_gmt":"2022-07-20T15:59:12","guid":{"rendered":"https:\/\/www.vivreaveclevih.org\/facebook-47\/"},"modified":"2022-07-20T17:59:12","modified_gmt":"2022-07-20T15:59:12","slug":"facebook-47","status":"publish","type":"post","link":"https:\/\/www.vivreaveclevih.org\/fr\/facebook-47\/","title":{"rendered":"Facebook"},"content":{"rendered":"<p>Cette ann\u00e9e encore, la Plateforme Pr\u00e9vention Sida organise une matin\u00e9e d&rsquo;\u00e9tude ouverte aux professionnel\u00b7les du secteur et aux personnes vivant avec le VIH, en partenariat avec l&rsquo;Observatoire du sida et des sexualit\u00e9s et Cultures&amp;Sant\u00e9.<br \/>\nCette ann\u00e9e, le th\u00e8me choisi est les \u00ab\u00a0In\u00e9galit\u00e9s en sant\u00e9 et empowerment, quelles cons\u00e9quences sur la vie et la sant\u00e9 globale des personnes vivant avec le VIH ?\u00a0\u00bb<br \/>\nInfos et inscriptions \ud83d\udc49 <a href=\"https:\/\/www.vivreaveclevih.org\/fr\/agenda\/save-the-date-matinee-detude-et-de-reflexion\/\" target=\"_blank\" rel=\"noopener\">https:\/\/www.vivreaveclevih.org\/fr\/agenda\/save-the-date-matinee-detude-et-de-reflexion\/<\/a><\/p>\n","protected":false},"excerpt":{"rendered":"<p>Cette ann\u00e9e encore, la Plateforme Pr\u00e9vention Sida organise une matin\u00e9e d&rsquo;\u00e9tude ouverte aux professionnel\u00b7les du secteur et aux personnes vivant [&hellip;]<\/p>\n","protected":false},"author":1,"featured_media":0,"comment_status":"closed","ping_status":"closed","sticky":false,"template":"","format":"standard","meta":{"_acf_changed":false,"footnotes":""},"categories":[13],"tags":[],"class_list":["post-10782","post","type-post","status-publish","format-standard","hentry","category-facebook"],"acf":{"contenu_flexible":null,"sidebar":null},"_links":{"self":[{"href":"https:\/\/www.vivreaveclevih.org\/fr\/wp-json\/wp\/v2\/posts\/10782","targetHints":{"allow":["GET"]}}],"collection":[{"href":"https:\/\/www.vivreaveclevih.org\/fr\/wp-json\/wp\/v2\/posts"}],"about":[{"href":"https:\/\/www.vivreaveclevih.org\/fr\/wp-json\/wp\/v2\/types\/post"}],"author":[{"embeddable":true,"href":"https:\/\/www.vivreaveclevih.org\/fr\/wp-json\/wp\/v2\/users\/1"}],"replies":[{"embeddable":true,"href":"https:\/\/www.vivreaveclevih.org\/fr\/wp-json\/wp\/v2\/comments?post=10782"}],"version-history":[{"count":0,"href":"https:\/\/www.vivreaveclevih.org\/fr\/wp-json\/wp\/v2\/posts\/10782\/revisions"}],"wp:attachment":[{"href":"https:\/\/www.vivreaveclevih.org\/fr\/wp-json\/wp\/v2\/media?parent=10782"}],"wp:term":[{"taxonomy":"category","embeddable":true,"href":"https:\/\/www.vivreaveclevih.org\/fr\/wp-json\/wp\/v2\/categories?post=10782"},{"taxonomy":"post_tag","embeddable":true,"href":"https:\/\/www.vivreaveclevih.org\/fr\/wp-json\/wp\/v2\/tags?post=10782"}],"curies":[{"name":"wp","href":"https:\/\/api.w.org\/{rel}","templated":true}]}}