{"id":10802,"date":"2022-09-29T15:17:38","date_gmt":"2022-09-29T13:17:38","guid":{"rendered":"https:\/\/www.vivreaveclevih.org\/facebook-49\/"},"modified":"2022-09-29T15:17:38","modified_gmt":"2022-09-29T13:17:38","slug":"facebook-49","status":"publish","type":"post","link":"https:\/\/www.vivreaveclevih.org\/fr\/facebook-49\/","title":{"rendered":"Facebook"},"content":{"rendered":"<p>\ud83e\udd70 \u00c7a y est, l&rsquo;exposition \u00ab\u00a027 portraits\u00a0\u00bb de l&rsquo;Article 27 Bruxelles a d\u00e9marr\u00e9 ! <\/p>\n<p>\ud83d\udc41 Cette exposition pr\u00e9sente \u00ab\u00a027 \ud835\ude31\ud835\ude30\ud835\ude2a\ud835\ude2f\ud835\ude35\ud835\ude34 \ud835\ude25\ud835\ude26 \ud835\ude37\ud835\ude36\ud835\ude26 \ud835\ude25\ud835\ude26 \ud835\ude35\ud835\ude33\ud835\ude22\ud835\ude37\ud835\ude22\ud835\ude2a\ud835\ude2d\ud835\ude2d\ud835\ude26\ud835\ude36\ud835\ude33\u00b7\ud835\ude26\ud835\ude36\ud835\ude34\ud835\ude26\ud835\ude34 \ud835\ude26\ud835\ude35 \ud835\ude25\ud835\ude26 \ud835\ude31\ud835\ude36\ud835\ude23\ud835\ude2d\ud835\ude2a\ud835\ude24\ud835\ude34 \ud835\ude26\ud835\ude2f\ud835\ude28\ud835\ude22\ud835\ude28\ud835\ude26\u0301\u00b7\ud835\ude26\ud835\ude34 \ud835\ude31\ud835\ude30\ud835\ude36\ud835\ude33 \ud835\ude25\ud835\ude26\u0301\ud835\ude27\ud835\ude26\ud835\ude2f\ud835\ude25\ud835\ude33\ud835\ude26 \ud835\ude2d\ud835\ude26 \ud835\ude25\ud835\ude33\ud835\ude30\ud835\ude2a\ud835\ude35 \ud835\ude22\u0300 \ud835\ude2d\ud835\ude22 \ud835\ude24\ud835\ude36\ud835\ude2d\ud835\ude35\ud835\ude36\ud835\ude33\ud835\ude26 \ud835\ude26\ud835\ude35 \ud835\ude2d\ud835\ude22 \ud835\ude31\ud835\ude22\ud835\ude33\ud835\ude35\ud835\ude2a\ud835\ude24\ud835\ude2a\ud835\ude31\ud835\ude22\ud835\ude35\ud835\ude2a\ud835\ude30\ud835\ude2f \ud835\ude22\ud835\ude36 \ud835\ude24\ud835\ude30\ud835\ude2d\ud835\ude2d\ud835\ude26\ud835\ude24\ud835\ude35\ud835\ude2a\ud835\ude27. \u00a0\u00bb<\/p>\n<p>En voici un tout petit aper\u00e7u, avec le portrait de notre coll\u00e8gue, Gr\u00e2ce. <\/p>\n<p>Les portraits circuleront dans diff\u00e9rents lieux culturels (th\u00e9\u00e2tre, salles de cin\u00e9ma, &#8230;) \u00e0 partir de l&rsquo;automne 2022 \ud83c\udf42<\/p>\n<p><a href=\"https:\/\/www.facebook.com\/hashtag\/Article27\" target=\"_blank\" rel=\"noopener\">#Article27<\/a><\/p>\n","protected":false},"excerpt":{"rendered":"<p>\ud83e\udd70 \u00c7a y est, l&rsquo;exposition \u00ab\u00a027 portraits\u00a0\u00bb de l&rsquo;Article 27 Bruxelles a d\u00e9marr\u00e9 ! \ud83d\udc41 Cette exposition pr\u00e9sente \u00ab\u00a027 \ud835\ude31\ud835\ude30\ud835\ude2a\ud835\ude2f\ud835\ude35\ud835\ude34 [&hellip;]<\/p>\n","protected":false},"author":1,"featured_media":10803,"comment_status":"closed","ping_status":"closed","sticky":false,"template":"","format":"standard","meta":{"_acf_changed":false,"footnotes":""},"categories":[13],"tags":[],"class_list":["post-10802","post","type-post","status-publish","format-standard","has-post-thumbnail","hentry","category-facebook"],"acf":{"contenu_flexible":null,"sidebar":null},"_links":{"self":[{"href":"https:\/\/www.vivreaveclevih.org\/fr\/wp-json\/wp\/v2\/posts\/10802","targetHints":{"allow":["GET"]}}],"collection":[{"href":"https:\/\/www.vivreaveclevih.org\/fr\/wp-json\/wp\/v2\/posts"}],"about":[{"href":"https:\/\/www.vivreaveclevih.org\/fr\/wp-json\/wp\/v2\/types\/post"}],"author":[{"embeddable":true,"href":"https:\/\/www.vivreaveclevih.org\/fr\/wp-json\/wp\/v2\/users\/1"}],"replies":[{"embeddable":true,"href":"https:\/\/www.vivreaveclevih.org\/fr\/wp-json\/wp\/v2\/comments?post=10802"}],"version-history":[{"count":0,"href":"https:\/\/www.vivreaveclevih.org\/fr\/wp-json\/wp\/v2\/posts\/10802\/revisions"}],"wp:featuredmedia":[{"embeddable":true,"href":"https:\/\/www.vivreaveclevih.org\/fr\/wp-json\/wp\/v2\/media\/10803"}],"wp:attachment":[{"href":"https:\/\/www.vivreaveclevih.org\/fr\/wp-json\/wp\/v2\/media?parent=10802"}],"wp:term":[{"taxonomy":"category","embeddable":true,"href":"https:\/\/www.vivreaveclevih.org\/fr\/wp-json\/wp\/v2\/categories?post=10802"},{"taxonomy":"post_tag","embeddable":true,"href":"https:\/\/www.vivreaveclevih.org\/fr\/wp-json\/wp\/v2\/tags?post=10802"}],"curies":[{"name":"wp","href":"https:\/\/api.w.org\/{rel}","templated":true}]}}