{"id":10816,"date":"2022-11-10T15:06:41","date_gmt":"2022-11-10T14:06:41","guid":{"rendered":"https:\/\/www.vivreaveclevih.org\/?p=10816"},"modified":"2022-11-17T16:09:52","modified_gmt":"2022-11-17T15:09:52","slug":"bien-vieillir-avec-le-vih-est-ce-possible","status":"publish","type":"post","link":"https:\/\/www.vivreaveclevih.org\/fr\/bien-vieillir-avec-le-vih-est-ce-possible\/","title":{"rendered":"Bien vieillir avec le VIH, est-ce possible ?"},"content":{"rendered":"","protected":false},"excerpt":{"rendered":"","protected":false},"author":4,"featured_media":10825,"comment_status":"closed","ping_status":"closed","sticky":false,"template":"","format":"standard","meta":{"_acf_changed":false,"footnotes":""},"categories":[15],"tags":[],"class_list":["post-10816","post","type-post","status-publish","format-standard","has-post-thumbnail","hentry","category-news"],"acf":{"sidebar":211,"contenu_flexible":[{"acf_fc_layout":"textfull","text":"<h3>Oui, c\u2019est possible, et qui l\u2019aurait\u00a0cru\u00a0?! Si la question du vieillissement avec le VIH avait \u00e9t\u00e9 pos\u00e9e il y a 30 ans, qu\u2019aurions-nous r\u00e9pondu\u00a0?<\/h3>\n<p>En effet, la majorit\u00e9 d\u2019entre nous ne s\u2019attendait pas \u00e0 vivre aussi longtemps, mais <strong>gr\u00e2ce aux avanc\u00e9es th\u00e9rapeutiques, nous avons vu notre esp\u00e9rance de vie s\u2019allonger<\/strong>.<\/p>\n<p>D\u00e8s lors, il faut que nous pensions \u00e0 ce vieillissement inattendu et \u00e0 nous pr\u00e9parer mentalement pour faire face \u00e0 de nouveaux d\u00e9fis (comme <a href=\"https:\/\/www.vivreaveclevih.org\/fr\/vivre-avec-le-vih\/vieillir-avec\/\">les maladies li\u00e9es au vieillissement<\/a>), en essayant de chasser toutes craintes qui pourraient nous emp\u00eacher de nous \u00e9panouir et de vivre convenablement notre vieillissement.<\/p>\n","background_color":false},{"acf_fc_layout":"textimage","text":"<p>Le secteur de <a href=\"https:\/\/www.vivreaveclevih.org\/fr\/formation-accompagnement-des-personnes-vivant-avec-le-vih-dans-les-lieux-daccueil-pour-personnes-agees\/\">l\u2019accueil pour personnes \u00e2g\u00e9es<\/a> ne s\u2019attendait pas non plus \u00e0 devoir accueillir dans leur service des personnes vivant avec le VIH. Certain\u00b7es d\u2019entre nous se demandent d\u2019ailleurs si les professionnel\u00b7les de ce secteur sont assez inform\u00e9\u00b7es sur le VIH ou sur i=i (<a href=\"https:\/\/www.vivreaveclevih.org\/fr\/protection\/indetectable-intransmissible-ou-ii\/\">ind\u00e9tectable=intransmissible<\/a>) pour nous accueillir convenablement. Nous nous posons \u00e9galement la question de la\u00a0 cohabitation avec les r\u00e9sident\u00b7es s\u00e9ron\u00e9gatif\u00b7ves. Et s\u2019il y avait une fuite d\u2019information de notre\u00a0 statut s\u00e9rologique\u00a0? Comment r\u00e9agiraient ces r\u00e9sident\u00b7es et leur famille ? Il est donc important que les professionnel\u00b7les de ce secteur soient form\u00e9\u00b7es sur les <a href=\"https:\/\/www.vivreaveclevih.org\/fr\/vih\/comment-se-transmet-le-vih\/\">modes de transmissions<\/a>, sur les avanc\u00e9es th\u00e9rapeutiques et sur i=i. <strong>Ceci permettra d\u2019accueillir, d\u2019accompagner et de prendre soin des personnes vivant avec le VIH, sans que ces derni\u00e8res ne soient stigmatis\u00e9es, <a href=\"https:\/\/www.vivreaveclevih.org\/fr\/mes-droits\/victime-de-discrimination-que-faire\/\">discrimin\u00e9es<\/a> ou rejet\u00e9es<\/strong>.<\/p>\n","image":10819,"background_color":false,"link_image":""},{"acf_fc_layout":"textfull","text":"<h2>Et bien vieillir avec le VIH, \u00e7a veut dire quoi\u00a0?<\/h2>\n<p>Bien vieillir avec le VIH, c\u2019est continuer \u00e0 prendre soin de sa <a href=\"https:\/\/www.vivreaveclevih.org\/fr\/vivre-avec-le-vih\/gerer-sa-sante\/\">sant\u00e9 physique<\/a>, <a href=\"https:\/\/www.vivreaveclevih.org\/fr\/vivre-avec-le-vih\/prendre-soin-de-moi\/\">\u00e9motionnelle et psychologique<\/a> malgr\u00e9 les soucis de sant\u00e9 li\u00e9s \u00e0 l\u2019\u00e2ge. C\u2019est avoir une vie digne jusqu\u2019\u00e0 la fin de ses jours.<\/p>\n<p>Pour limiter le risque de d\u00e9velopper des maladies li\u00e9es \u00e0 l\u2019\u00e2ge ou comorbidit\u00e9s, il est recommand\u00e9\u00a0:<\/p>\n","background_color":false},{"acf_fc_layout":"doubleblock","content_block_left":"<ul>\n<li>\u00ab\u00a0D\u2019\u00eatre proactif dans la prise en charge de sa sant\u00e9 si vous en \u00eates encore capable, ou en tout cas d\u2019avoir un encadrement ad\u00e9quat des services m\u00e9dicaux et de soins\u00a0;<\/li>\n<li><strong>De maintenir son <a href=\"https:\/\/www.vivreaveclevih.org\/fr\/liens-utiles\/ou-se-soigner\/\">suivi m\u00e9dical<\/a> et de prendre correctement vos <a href=\"https:\/\/www.vivreaveclevih.org\/fr\/traitement\/vih\/les-traitements-contre-le-vih\/\">traitements contre le VIH<\/a> et contre les autres maladies que vous auriez d\u00e9velopp\u00e9es, comme indiqu\u00e9 par votre m\u00e9decin pour \u00e9viter toutes interactions m\u00e9dicamenteuses\u00a0;<\/strong><\/li>\n<\/ul>\n","background_color_left":true,"content_block_right":"<ul>\n<li>D\u2019avoir une bonne hygi\u00e8ne de vie avec une alimentation saine et \u00e9quilibr\u00e9e, en \u00e9vitant si possible tout ce qui pourrait nuire \u00e0 notre sant\u00e9 comme\u00a0: le tabac, l\u2019alcool, la drogue, etc.\u00a0;<\/li>\n<li>De conserver une vie sociale pour lutter contre la solitude et l\u2019isolement\u00a0;<\/li>\n<li>De pratiquer des exercices physiques et intellectuels adapt\u00e9s \u00e0 votre \u00e9tat de sant\u00e9 physique et mental (marche, v\u00e9lo, yoga, jeu de balle \u00e0 p\u00e9trir, cartes, mots crois\u00e9s, etc.)\u00a0;<\/li>\n<li>D\u2019entretenir votre m\u00e9moire et d\u2019optimiser votre sommeil pour permettre \u00e0 votre corps de r\u00e9cup\u00e9rer.\u00a0\u00bb<\/li>\n<\/ul>\n","background_color_right":false},{"acf_fc_layout":"textfull","text":"<h2>T\u00e9moignage de laurent qui vit en R\u00e9sidence-service<\/h2>\n","background_color":false},{"acf_fc_layout":"imagetext","image":10280,"text":"<h5><strong>Quel message voudrais-tu faire passer aux personnes vivant avec le VIH qui vieillissent ?<\/strong><\/h5>\n<p><span style=\"color: #66c6b7;\"><em>C\u2019est une question tr\u00e8s vaste hein. Y penser non, je pense qu\u2019il faut s\u2019y pr\u00e9parer en tout cas. \u00c7a veut dire qu\u2019il faut la t\u00eate bien accroch\u00e9e sur les \u00e9paules et quand m\u00eame un petit peu d\u2019espoir, <strong>non pas qu\u2019on va \u00e9radiquer la maladie mais en tout cas qu\u2019il y a moyen de vivre bien tout en sachant qu\u2019avec ce qui est li\u00e9 comme comorbidit\u00e9s on est diminu\u00e9 donc on a besoin de se faire aider.<\/strong> Alors tant qu\u2019on peut le faire chez soi et qu\u2019on est bien encadr\u00e9 sur le plan psychologique \u00e7a fonctionne tr\u00e8s bien. Mais si pour une raison ou une autre on pr\u00e9sente des probl\u00e8mes et qu\u2019on a besoin d\u2019\u00eatre assist\u00e9 alors effectivement il faut pouvoir trouver une structure qui int\u00e8gre les param\u00e8tres et qui puisse surtout accepter \u00e0 la fois son statut s\u00e9ropositif et un peu les raisons pour lesquelles on est arriv\u00e9 l\u00e0. Et \u00e7a c\u2019est pas \u00e9vident.<\/em><\/span><\/p>\n","background_color":false,"link_image":""},{"acf_fc_layout":"textfull","text":"<h5><strong>Est-ce que l\u2019endroit o\u00f9 tu es correspond \u00e0 tes besoins ?<\/strong><\/h5>\n<p><span style=\"color: #66c6b7;\"><em>Actuellement je suis dans une R\u00e9sidence-service pour seniors, en g\u00e9n\u00e9ral c\u2019est une structure tr\u00e8s ch\u00e8re ou les gens ont soit la possibilit\u00e9 de vivre encore en couple soit seul, mais avec des services, \u00e9videmment payant, d\u2019accueil, le simple fait de distribuer le courrier dans ta boite, le fait que tu puisses manger le matin, le midi et le soir, avoir des soins infirmiers.<\/em><\/span><\/p>\n<p><span style=\"color: #66c6b7;\"><em>A toi de g\u00e9rer l\u2019entretien de ton propre appartement, de payer les frais communs de la r\u00e9sidence, et alors de pouvoir \u00e9ventuellement participer \u00e0 des activit\u00e9s plus ou moins organis\u00e9es. En \u00e9change d\u2019une esp\u00e8ce d\u2019autonomie ou de bien-\u00eatre tout ce qu\u2019il y a de plus relatif, c\u2019est-\u00e0-dire vivre au sein de son mobilier, de ses livres, on a acc\u00e8s \u00e0 une biblioth\u00e8que, il y a une salle de jeu, il y a quelques petits engins pour faire des exercices physiques, mais moi je n\u2019oserais pas monter sur une machine de peur de tomber.<\/em><\/span><\/p>\n<p><span style=\"color: #66c6b7;\"><em><strong>La difficult\u00e9 est de nouer des contacts et d&rsquo;\u00e9changer avec les autres r\u00e9sidents souvent tr\u00e8s \u00e2g\u00e9s et qui s&rsquo;interrogent sur la pr\u00e9sence d&rsquo;un homme seul apparemment en bonne sant\u00e9&#8230; Comment dialoguer sans r\u00e9v\u00e9ler sa s\u00e9ropositivit\u00e9 et son orientation sexuelle ?<\/strong> La moiti\u00e9 des r\u00e9sidents ne parle plus ou reste dans leurs chambres. Un tiers est confus. C&rsquo;est tr\u00e8s anxiog\u00e8ne. On fait semblant en fait d\u2019avoir un chouette endroit mais c\u2019est en m\u00eame temps une esp\u00e8ce d\u2019antichambre de la maison de retraite, de la maison de repos. Donc c\u2019est un peu plus grand et entre guillemet plus humain, mais en r\u00e9alit\u00e9 \u00e7a ne l\u2019est pas.<\/em><\/span><\/p>\n<p>&nbsp;<\/p>\n<h5><strong>Que devrait mettre en place les structures d\u2019accueil pour qu\u2019une personne LGBT et vivant avec le VIH comme toi soit bien ?<\/strong><\/h5>\n<blockquote><p><em>Il faut vraiment des soins appropri\u00e9s. Moi je souffre par exemple actuellement d\u2019une incontinence urinaire, eh bien j\u2019appr\u00e9hende le moment o\u00f9 il faudra que je puisse porter des couches parce que beaucoup de comorbidit\u00e9s sont li\u00e9es \u00e0 des probl\u00e8mes r\u00e9naux. Moi j\u2019ai eu d\u2019autres probl\u00e8mes qui sont li\u00e9s \u00e0 des traitements chimiques ant\u00e9rieurs qui fait qu\u2019on m\u2019a d\u00e9moli un peu tout ce qui est vessies et prostate, donc l\u00e0, je suis oblig\u00e9 de me lever la nuit au minimum cinq fois donc il faut que je puisse m\u2019assumer. Donc si je dois \u00e0 un moment donn\u00e9 recourir \u00e0 une personne ext\u00e9rieure, ou bien je paye une garde malade et \u00e7a \u00e7a va encore acc\u00e9l\u00e9rer le co\u00fbt, ou bien j\u2019int\u00e8gre une structure o\u00f9 je serai pleinement d\u00e9pendant et c\u2019est pas pour autant que je vais \u00eatre soign\u00e9, c\u2019est-\u00e0-dire que l\u00e0 j\u2019ai peur d\u2019\u00eatre plus ou moins abandonn\u00e9 dans mes excr\u00e9ments. Donc ce n\u2019est pas la solution non plus. Voil\u00e0. <strong>La solution c\u2019est qu\u2019on puisse encore \u00e9changer. Echanger entre personnes qui ont un peu les m\u00eames probl\u00e8mes, se soutenir mutuellement et \u00e7a \u00e7a manque un peu dans ce genre de r\u00e9sidence o\u00f9 c\u2019est plus chacun pour soi.<\/strong> Tant mieux si \u00e7a se passe bien, si \u00e7a se passe pas bien il y a toujours une solution, mais cette solution&#8230; on ne peut pas anticiper. Donc on est oblig\u00e9 de se laisser vivre, d\u2019essayer de ne pas y penser, et d\u2019essayer d\u2019\u00eatre positif mais \u00e7a ce n\u2019est pas facile du tout. Et donc garder une esp\u00e8ce de moral et je constate que m\u00eame des gens qui sont autonomes, en bonne sant\u00e9, ont des moments de d\u00e9tresse qu\u2019on ne peut pas n\u00e9cessairement soulager.<\/em><\/p><\/blockquote>\n","background_color":false}]},"_links":{"self":[{"href":"https:\/\/www.vivreaveclevih.org\/fr\/wp-json\/wp\/v2\/posts\/10816","targetHints":{"allow":["GET"]}}],"collection":[{"href":"https:\/\/www.vivreaveclevih.org\/fr\/wp-json\/wp\/v2\/posts"}],"about":[{"href":"https:\/\/www.vivreaveclevih.org\/fr\/wp-json\/wp\/v2\/types\/post"}],"author":[{"embeddable":true,"href":"https:\/\/www.vivreaveclevih.org\/fr\/wp-json\/wp\/v2\/users\/4"}],"replies":[{"embeddable":true,"href":"https:\/\/www.vivreaveclevih.org\/fr\/wp-json\/wp\/v2\/comments?post=10816"}],"version-history":[{"count":10,"href":"https:\/\/www.vivreaveclevih.org\/fr\/wp-json\/wp\/v2\/posts\/10816\/revisions"}],"predecessor-version":[{"id":10844,"href":"https:\/\/www.vivreaveclevih.org\/fr\/wp-json\/wp\/v2\/posts\/10816\/revisions\/10844"}],"wp:featuredmedia":[{"embeddable":true,"href":"https:\/\/www.vivreaveclevih.org\/fr\/wp-json\/wp\/v2\/media\/10825"}],"wp:attachment":[{"href":"https:\/\/www.vivreaveclevih.org\/fr\/wp-json\/wp\/v2\/media?parent=10816"}],"wp:term":[{"taxonomy":"category","embeddable":true,"href":"https:\/\/www.vivreaveclevih.org\/fr\/wp-json\/wp\/v2\/categories?post=10816"},{"taxonomy":"post_tag","embeddable":true,"href":"https:\/\/www.vivreaveclevih.org\/fr\/wp-json\/wp\/v2\/tags?post=10816"}],"curies":[{"name":"wp","href":"https:\/\/api.w.org\/{rel}","templated":true}]}}