{"id":10843,"date":"2022-11-17T09:24:36","date_gmt":"2022-11-17T08:24:36","guid":{"rendered":"https:\/\/www.vivreaveclevih.org\/facebook-54\/"},"modified":"2022-11-17T09:24:36","modified_gmt":"2022-11-17T08:24:36","slug":"facebook-54","status":"publish","type":"post","link":"https:\/\/www.vivreaveclevih.org\/fr\/facebook-54\/","title":{"rendered":"Facebook"},"content":{"rendered":"<p>A l\u2019occasion de la Journ\u00e9e Mondiale de lutte contre le Sida, la Plateforme Pr\u00e9vention Sida et ses partenaires invitent les personnes vivant avec le VIH, leurs proches, ainsi que les professionnel\u00b7les des secteurs associatifs et m\u00e9dicaux qui les accompagnent \u00e0 une soir\u00e9e de partages et d\u2019\u00e9changes dans un cadre convivial.<\/p>\n<p>La soir\u00e9e aura lieu \u00e0 l\u2019H\u00f4tel de ville de Bruxelles (Grand\u2019Place 1, 1000 Bruxelles), \u00e0 la salle gothique, le vendredi 2 d\u00e9cembre de 17h30 \u00e0 21h.<br \/>\nInfos et inscription \ud83d\udc4e<br \/>\n<a href=\"https:\/\/www.vivreaveclevih.org\/fr\/agenda\/cocktail-dinatoire-a-loccasion-de-la-journee-mondiale-de-lutte-contre-le-sida\/\" target=\"_blank\" rel=\"noopener\">https:\/\/www.vivreaveclevih.org\/fr\/agenda\/cocktail-dinatoire-a-loccasion-de-la-journee-mondiale-de-lutte-contre-le-sida\/<\/a><\/p>\n","protected":false},"excerpt":{"rendered":"<p>A l\u2019occasion de la Journ\u00e9e Mondiale de lutte contre le Sida, la Plateforme Pr\u00e9vention Sida et ses partenaires invitent les [&hellip;]<\/p>\n","protected":false},"author":1,"featured_media":0,"comment_status":"closed","ping_status":"closed","sticky":false,"template":"","format":"standard","meta":{"_acf_changed":false,"footnotes":""},"categories":[13],"tags":[],"class_list":["post-10843","post","type-post","status-publish","format-standard","hentry","category-facebook"],"acf":{"contenu_flexible":null,"sidebar":null},"_links":{"self":[{"href":"https:\/\/www.vivreaveclevih.org\/fr\/wp-json\/wp\/v2\/posts\/10843","targetHints":{"allow":["GET"]}}],"collection":[{"href":"https:\/\/www.vivreaveclevih.org\/fr\/wp-json\/wp\/v2\/posts"}],"about":[{"href":"https:\/\/www.vivreaveclevih.org\/fr\/wp-json\/wp\/v2\/types\/post"}],"author":[{"embeddable":true,"href":"https:\/\/www.vivreaveclevih.org\/fr\/wp-json\/wp\/v2\/users\/1"}],"replies":[{"embeddable":true,"href":"https:\/\/www.vivreaveclevih.org\/fr\/wp-json\/wp\/v2\/comments?post=10843"}],"version-history":[{"count":0,"href":"https:\/\/www.vivreaveclevih.org\/fr\/wp-json\/wp\/v2\/posts\/10843\/revisions"}],"wp:attachment":[{"href":"https:\/\/www.vivreaveclevih.org\/fr\/wp-json\/wp\/v2\/media?parent=10843"}],"wp:term":[{"taxonomy":"category","embeddable":true,"href":"https:\/\/www.vivreaveclevih.org\/fr\/wp-json\/wp\/v2\/categories?post=10843"},{"taxonomy":"post_tag","embeddable":true,"href":"https:\/\/www.vivreaveclevih.org\/fr\/wp-json\/wp\/v2\/tags?post=10843"}],"curies":[{"name":"wp","href":"https:\/\/api.w.org\/{rel}","templated":true}]}}