{"id":10921,"date":"2023-02-10T09:41:14","date_gmt":"2023-02-10T08:41:14","guid":{"rendered":"https:\/\/www.vivreaveclevih.org\/facebook-69\/"},"modified":"2023-02-10T09:41:14","modified_gmt":"2023-02-10T08:41:14","slug":"facebook-69","status":"publish","type":"post","link":"https:\/\/www.vivreaveclevih.org\/fr\/facebook-69\/","title":{"rendered":"Facebook"},"content":{"rendered":"<p>La Plateforme Pr\u00e9vention Sida, Sida-Ist Charleroi Mons et l\u2019\u00e9quipe du service d\u2019infectiologie du centre de r\u00e9f\u00e9rence VIH du ISPPC &#8211; CHU de Charleroi sont heureux de vous inviter \u00e0 leur prochain caf\u00e9 sant\u00e9 sur les cancers et le VIH.<br \/>\nAvec le vieillissement des personnes s\u00e9ropositives, le nombre de cancers augmente et cette hausse ira croissant dans les prochaines ann\u00e9es. Quels sont ces cancers et quels sont les facteurs de risque ?<\/p>\n<p>Le caf\u00e9 sant\u00e9 sera honor\u00e9 par la pr\u00e9sence du Dr R\u00e9my Demeester du CHU de Charleroi qui donnera des informations g\u00e9n\u00e9rales sur les cancers touchant les personnes vivant avec le VIH et r\u00e9pondra \u00e0 toutes vos questions.<\/p>\n<p>\ud83d\udc65A qui est destin\u00e9 ce caf\u00e9 sant\u00e9 ? Aux personnes vivant avec le VIH et aux professionnel\u00b7les de la sant\u00e9 qui les accompagnent.<\/p>\n<p>\ud83d\udd53Quand ? Jeudi 16 mars de 16h \u00e0 18h.<\/p>\n<p>\ud83c\udfe5O\u00f9 ? Auditoire de l\u2019Espace Sant\u00e9, Boulevard Zo\u00e9 Drion 1 \u2013 6000 Charleroi<\/p>\n<p>Infos et inscriptions \ud83d\udc49<a href=\"https:\/\/www.vivreaveclevih.org\/fr\/agenda\/cafe-sante-cancer-et-vih\/\" target=\"_blank\" rel=\"noopener\">https:\/\/www.vivreaveclevih.org\/fr\/agenda\/cafe-sante-cancer-et-vih\/<\/a><\/p>\n","protected":false},"excerpt":{"rendered":"<p>La Plateforme Pr\u00e9vention Sida, Sida-Ist Charleroi Mons et l\u2019\u00e9quipe du service d\u2019infectiologie du centre de r\u00e9f\u00e9rence VIH du ISPPC &#8211; [&hellip;]<\/p>\n","protected":false},"author":1,"featured_media":10922,"comment_status":"closed","ping_status":"closed","sticky":false,"template":"","format":"standard","meta":{"_acf_changed":false,"footnotes":""},"categories":[13],"tags":[],"class_list":["post-10921","post","type-post","status-publish","format-standard","has-post-thumbnail","hentry","category-facebook"],"acf":{"contenu_flexible":null,"sidebar":null},"_links":{"self":[{"href":"https:\/\/www.vivreaveclevih.org\/fr\/wp-json\/wp\/v2\/posts\/10921","targetHints":{"allow":["GET"]}}],"collection":[{"href":"https:\/\/www.vivreaveclevih.org\/fr\/wp-json\/wp\/v2\/posts"}],"about":[{"href":"https:\/\/www.vivreaveclevih.org\/fr\/wp-json\/wp\/v2\/types\/post"}],"author":[{"embeddable":true,"href":"https:\/\/www.vivreaveclevih.org\/fr\/wp-json\/wp\/v2\/users\/1"}],"replies":[{"embeddable":true,"href":"https:\/\/www.vivreaveclevih.org\/fr\/wp-json\/wp\/v2\/comments?post=10921"}],"version-history":[{"count":0,"href":"https:\/\/www.vivreaveclevih.org\/fr\/wp-json\/wp\/v2\/posts\/10921\/revisions"}],"wp:featuredmedia":[{"embeddable":true,"href":"https:\/\/www.vivreaveclevih.org\/fr\/wp-json\/wp\/v2\/media\/10922"}],"wp:attachment":[{"href":"https:\/\/www.vivreaveclevih.org\/fr\/wp-json\/wp\/v2\/media?parent=10921"}],"wp:term":[{"taxonomy":"category","embeddable":true,"href":"https:\/\/www.vivreaveclevih.org\/fr\/wp-json\/wp\/v2\/categories?post=10921"},{"taxonomy":"post_tag","embeddable":true,"href":"https:\/\/www.vivreaveclevih.org\/fr\/wp-json\/wp\/v2\/tags?post=10921"}],"curies":[{"name":"wp","href":"https:\/\/api.w.org\/{rel}","templated":true}]}}