{"id":10927,"date":"2023-02-23T10:30:41","date_gmt":"2023-02-23T09:30:41","guid":{"rendered":"https:\/\/www.vivreaveclevih.org\/?p=10927"},"modified":"2023-02-27T11:54:04","modified_gmt":"2023-02-27T10:54:04","slug":"couple-serodifferent-quand-on-aime-la-maladie-doit-elle-etre-un-obstacle","status":"publish","type":"post","link":"https:\/\/www.vivreaveclevih.org\/fr\/couple-serodifferent-quand-on-aime-la-maladie-doit-elle-etre-un-obstacle\/","title":{"rendered":"Couple s\u00e9rodiff\u00e9rent, \u00ab quand on aime, la maladie doit-elle \u00eatre un obstacle ? \u00bb"},"content":{"rendered":"","protected":false},"excerpt":{"rendered":"","protected":false},"author":4,"featured_media":10937,"comment_status":"closed","ping_status":"closed","sticky":false,"template":"","format":"standard","meta":{"_acf_changed":false,"footnotes":""},"categories":[15],"tags":[133],"class_list":["post-10927","post","type-post","status-publish","format-standard","has-post-thumbnail","hentry","category-news","tag-vie-affective"],"acf":{"sidebar":211,"contenu_flexible":[{"acf_fc_layout":"textfull","text":"<p>Avec l\u2019\u00e9volution de la science et l&rsquo;av\u00e8nement du concept de i=i (<a href=\"https:\/\/www.vivreaveclevih.org\/fr\/protection\/indetectable-intransmissible-ou-ii\/\">ind\u00e9tectable=intransmissible<\/a>), le <a href=\"https:\/\/www.vivreaveclevih.org\/fr\/vih\/le-vih-cest-quoi\/\">VIH<\/a> ne devrait plus \u00eatre un obstacle dans une vie de couple, \u00ab car une personne vivant avec le VIH sous <a href=\"https:\/\/www.vivreaveclevih.org\/fr\/traitement\/vih\/les-traitements-contre-le-vih\/\">traitement<\/a> avec une <a href=\"https:\/\/www.vivreaveclevih.org\/fr\/vih\/la-charge-virale-cest-quoi\/\">charge virale<\/a> ind\u00e9tectable ne transmet plus le virus ni \u00e0 son partenaire ni \u00e0 son enfant \u00bb. En d\u2019autres termes, une personne vivant avec le VIH peut avoir des relations sexuelles sans <a href=\"https:\/\/www.vivreaveclevih.org\/fr\/protection\/le-preservatif\/\">pr\u00e9servatif<\/a> avec un\u00b7une partenaire s\u00e9ron\u00e9gatif\u00b7ve sans risque de <a href=\"https:\/\/www.vivreaveclevih.org\/fr\/vih\/comment-se-transmet-le-vih\/\">transmission<\/a>.<\/p>\n<h3><strong>Que veut dire \u00eatre en couple s\u00e9rodiff\u00e9rent ou s\u00e9rodiscordant ?<\/strong><\/h3>\n<p>On parle de couple s\u00e9rodiscordant ou s\u00e9rodiff\u00e9rent quand un des partenaires est s\u00e9ropositif au VIH et l\u2019autre s\u00e9ron\u00e9gatif.<\/p>\n<h3><strong>Comment pr\u00e9server sa sant\u00e9 et celle de son partenaire dans un couple s\u00e9rodiscordant ?<\/strong><\/h3>\n<p>Le moyen s\u00fbr est le maintien de la charge virale au niveau ind\u00e9tectable pour le\u00b7la partenaire s\u00e9ropositif\u00b7ve par une prise correcte du traitement comme indiqu\u00e9e par votre m\u00e9decin. Si votre couple n\u2019est pas stable l\u2019utilisation du pr\u00e9servatif masculin ou f\u00e9minin vous permettra de vous prot\u00e9ger contre les autres <a href=\"https:\/\/www.vivreaveclevih.org\/fr\/ist\/les-ist-cest-quoi\/\">Infection Sexuellement Transmissibles<\/a> (IST) \u00e9tant donn\u00e9 que i=i emp\u00eache seulement la transmission du VIH. Au cas o\u00f9 le\u00b7la partenaire s\u00e9ron\u00e9gatif\u00b7ve aurait du mal avec le pr\u00e9servatif, il\u00b7elle pourra demander la PrEP pour se prot\u00e9ger contre le VIH en dehors du couple et ainsi avoir un suivi r\u00e9gulier pour les autres IST.<\/p>\n<p>En cas de <a href=\"https:\/\/www.vivreaveclevih.org\/fr\/protection\/proteger-son-enfant-durant-la-grossesse\/\">d\u00e9sir d\u2019enfant<\/a> il est conseill\u00e9 d\u2019en parler \u00e0 votre m\u00e9decin sp\u00e9cialiste du VIH qui v\u00e9rifiera que votre traitement est compatible avec la grossesse. Rester sous traitement durant toute la grossesse vous \u00e9vitera de transmettre le VIH \u00e0 votre enfant.<\/p>\n<p>N\u2019h\u00e9sitez pas \u00e0 parler aux professionnel\u00b7les de la sant\u00e9 qui vous accompagnent (m\u00e9decin, psychologue, sexologue, gyn\u00e9cologue, etc.) pour tout autre probl\u00e8me de sant\u00e9 sexuelle et affective qui pourrait affecter votre couple.<\/p>\n<h3><strong>A quoi ressemble la vie de couple s\u00e9rodiscordant\u00a0?<\/strong><\/h3>\n<p>Peter et Dado nous partagent leur exp\u00e9rience.<\/p>\n","background_color":false},{"acf_fc_layout":"imagetext","image":10929,"text":"<h5>Depuis combien de temps \u00eates-vous en couple\u00a0?<\/h5>\n<p>D\u00a0: Depuis cinq ans.<\/p>\n<h5>A quel moment avez-vous d\u00e9cid\u00e9 de lui dire pour votre s\u00e9ropositivit\u00e9\u00a0?<\/h5>\n<p>P\u00a0: D\u00e8s le d\u00e9but. On s\u2019est rencontr\u00e9 sur une plateforme internet et nous avons chatt\u00e9 pendant longtemps.<\/p>\n<p>D\u00a0: Quarante-huit heures\u00a0!<\/p>\n<p>P : Quarante-huit heures (rires). Apr\u00e8s on a d\u00e9cid\u00e9 de se voir parce que nos discussions \u00e9taient vraiment chouettes. Alors j\u2019ai pens\u00e9 que c\u2019\u00e9tait mieux de prendre toute l\u2019information que j\u2019avais pour lui dire que j\u2019\u00e9tais s\u00e9ropositif. J\u2019ai pris une petite carte avec i=i et le dossier complet qui explique ind\u00e9tectable. Si je tombais amoureux de ce gars-l\u00e0 au premier regard, <strong>c\u2019\u00e9tait plus honn\u00eate de l\u2019en informer d\u00e8s le d\u00e9but plut\u00f4t que d\u2019avoir des probl\u00e8mes apr\u00e8s<\/strong>.<\/p>\n<p>D\u00a0: On sentait d\u00e9j\u00e0 une connexion entre nous deux.<\/p>\n<p>P\u00a0: Ah oui\u00a0!<\/p>\n","background_color":false,"link_image":""},{"acf_fc_layout":"textfull","text":"<p>D : Quand il m\u2019a dit on va se rencontrer, on va aller prendre un caf\u00e9, il a ajout\u00e9 qu\u2019il avait quelque chose \u00e0 me dire. J\u2019ai cherch\u00e9 un peu sur Google et j\u2019ai compris que c\u2019\u00e9tait \u00e7a, car j\u2019ai vu qu\u2019il avait fait un livre et qu\u2019il \u00e9tait s\u00e9ropositif. <strong>Je me suis dit \u00ab ok, on y va ! \u00bb<\/strong>. J\u2019adore ce gars par message, donc on va voir ce que \u00e7a donne. On est donc all\u00e9s au caf\u00e9, et ce ne fut pas le premier sujet de discussion. On a parl\u00e9 de toute notre vie pendant deux heures, et \u00e0 la fin, il a commenc\u00e9 \u00ab j\u2019ai quelque chose \u00e0 te dire \u00bb. C\u2019est l\u00e0 qu\u2019il m\u2019a dit.<\/p>\n<p>P : Mais tu connaissais d\u00e9j\u00e0 bien le sida, tu portais toujours le ruban rouge, mais tu n\u2019avais jamais rencontr\u00e9 quelqu\u2019un qui \u00e9tait effectivement s\u00e9ropositif.<\/p>\n<p>D : Apr\u00e8s qu\u2019il m\u2019ait dit qu\u2019il \u00e9tait s\u00e9ropositif il m\u2019a dit qu\u2019il m\u2019aimait comme j\u2019\u00e9tais. Je lui ai dit moi aussi, je t\u2019aime. Il a sorti son dossier avec toute l\u2019information, il m\u2019a expliqu\u00e9 c\u2019est quoi ind\u00e9tectable=intransmissible. En une milliseconde de doute je suis revenu sur tout ce que j\u2019avais appris par le pass\u00e9. <em>\u00ab La transmission se fait par rapport sexuel donc si tu lui fais un c\u00e2lin, que tu l\u2019embrasses, il n\u2019y a rien qui va se passer \u00bb<\/em>, alors j\u2019ai dit\u2026 ok, aucun probl\u00e8me !<\/p>\n<p>P\u00a0: A l\u2019\u00e9poque ind\u00e9tectable=intransmissible c\u2019\u00e9tait encore un peu nouveau, c\u2019est pour \u00e7a que je suis venu avec l\u2019information car peu de personnes la connaissaient. L\u2019\u00e9tude Partner venait de sortir.<\/p>\n<p>D\u00a0: <strong>Cette \u00e9tude confirme qu\u2019il n\u2019y avait pas de risque de transmission du VIH avec une charge virale ind\u00e9tectable<\/strong>, et m\u00eame moi qui me tenait inform\u00e9 je n\u2019en avais pas entendu parler. Mais je lui ai fait confiance. Apr\u00e8s \u00e7a il m\u2019a envoy\u00e9 des articles, j\u2019ai tout lu, et on s\u2019est lanc\u00e9. On s\u2019est revu le soir-m\u00eame, j\u2019avais d\u00e9j\u00e0 tout accept\u00e9. C\u2019\u00e9tait comme si on se connaissait depuis des ann\u00e9es.<\/p>\n","background_color":false},{"acf_fc_layout":"textfull","text":"<h5>Avant Dado en avais-tu d\u00e9j\u00e0 parl\u00e9 \u00e0 d\u2019autres personnes\u00a0?<\/h5>\n<p>P\u00a0: Oui. Parfois il y a des personnes qui re\u00e7oivent l\u2019information, qui font leurs propres recherches sur internet et se disent \u00ab\u00a0peut-\u00eatre ce sera moi la premi\u00e8re personne \u00e0 \u00eatre infect\u00e9e par une personne avec une charge virale ind\u00e9tectable, alors je ne crois pas la science \u00e0 100%\u00a0\u00bb. Il n\u2019y a pas de personne b\u00eate ou intelligente, mais toujours des gens qui doutent.<\/p>\n<h5>On sait que beaucoup de gens n\u2019osent pas avouer leur s\u00e9ropositivit\u00e9 \u00e0 cause de la peur du rejet, alors que c\u2019est important pour \u00eatre rapidement fix\u00e9 et ne pas perdre de temps.<\/h5>\n<p>P\u00a0: C\u2019est un combat interne. Si je ne l\u2019avais pas dit \u00e0 Dado la premi\u00e8re fois et que j\u2019\u00e9tais tomb\u00e9 amoureux de lui, que je doive lui dire \u00e7a trois mois apr\u00e8s\u00a0? \u00c7a peut causer plus de mal car je peux le perdre et en souffrir. Ce n\u2019est pas facile, mais je pense que le dire directement est le mieux.<\/p>\n<p>D\u00a0: Pour moi c\u2019\u00e9tait l\u2019honn\u00eatet\u00e9 et la sinc\u00e9rit\u00e9 tout d\u2019abord, c\u2019est d\u00e9j\u00e0 une qualit\u00e9 g\u00e9niale.<\/p>\n<h5>Et le courage\u00a0!<\/h5>\n","background_color":true},{"acf_fc_layout":"textimage","text":"<h5>Au quotidien est-ce que la question du VIH se pose\u00a0?<\/h5>\n<p>P\u00a0: Non, si je me coupe avec un couteau Dado va directement me soigner. La seule chose c\u2019est que je vais chez le docteur tous les six mois pour l\u2019analyse de sang, et je lui montre le r\u00e9sultat qui atteste que je suis toujours ind\u00e9tectable. \u00c7a le rassure, et \u00e7a me rassure, car je ne pourrais plus vivre si je sais que je l\u2019ai infect\u00e9. <strong>Je ne prends pas mes pilules que pour ma sant\u00e9, aussi pour lui<\/strong>.<\/p>\n<p>D\u00a0: Chaque soir il met son alarme et c\u2019est moi qui vais chercher les m\u00e9dicaments. Tous les jours\u00a0! Parce que c\u2019est pour notre sant\u00e9 \u00e0 tous les deux.<\/p>\n<p>P\u00a0: C\u2019est un petit d\u00e9tail mais une fois il n\u2019a pas \u00e9t\u00e9 chercher les pilules spontan\u00e9ment, et je le lui ai fait remarquer. Je trouve ce geste tellement beau.<\/p>\n<p>D\u00a0: M\u00eame si je deviens s\u00e9ropositif on continuera ensemble. Gr\u00e2ce aux m\u00e9dicaments, le VIH n\u2019est plus une raison de s\u2019arr\u00eater dans la vie.<\/p>\n<h5>Est-ce que les probl\u00e8mes de sant\u00e9 ou le regard des autres vous impactent\u00a0?<\/h5>\n<p>P\u00a0: On est chanceux parce que c\u2019est vraiment rare que je sois malade.<\/p>\n<p>D\u00a0: C\u2019est plut\u00f4t moi le probl\u00e8me, ha ha ha\u00a0! Je suis toujours malade\u00a0! Lui il a une m\u00e9ga sant\u00e9 et il est sportif.<\/p>\n<p>P\u00a0: Il est un peu plus fragile.<\/p>\n<p>D\u00a0: Quand on s\u2019est rencontr\u00e9 j\u2019\u00e9tais vraiment maigre, depuis que je suis avec lui je suis plus sportif, je suis devenu une b\u00eate comme lui. J\u2019avais presque l\u2019air un peu malade.<\/p>\n<p>&nbsp;<\/p>\n<h5>Et l\u2019entourage\u00a0?<\/h5>\n","image":10932,"background_color":false,"link_image":""},{"acf_fc_layout":"textfull","text":"<blockquote><p>D : On est sur instagram et toute ma famille nous suit, donc on a fait toute une vid\u00e9o li\u00e9e \u00e0 \u00e7a. J\u2019ai dit \u00e0 ma m\u00e8re en premier, avant qu\u2019elle ne voit la vid\u00e9o \u00ab on te l\u2019a peut-\u00eatre d\u00e9j\u00e0 dit ou mentionn\u00e9 que Peter est s\u00e9ropositif, mais on en a jamais parl\u00e9 \u00bb. Elle m\u2019a dit qu\u2019il n\u2019y avait rien \u00e0 parler ! Elle a \u00e9t\u00e9 voir sur internet ce que son fils allait vivre et elle a trouv\u00e9 l\u2019information comme quoi si Peter prenait bien son m\u00e9dicament tous les jours, son fils ne prenait aucun risque. Une autre fois nous l\u2019avons appel\u00e9 pour que Peter lui demande ma main. Elle m\u2019a demand\u00e9 \u00ab est-ce que Peter, tu l\u2019aimes ? \u00bb et je lui ai r\u00e9pondu \u00ab Si Signora \u00bb. Elle a dit \u00ab Peter, merci, je vous donne ma b\u00e9n\u00e9diction, vous pouvez vous marier. Et toi mon fils tu as trouv\u00e9 le bon \u00bb. Pour elle le VIH ce n\u2019est pas un facteur, le plus important c\u2019est l\u2019amour. Le jour de notre mariage, on a dit \u00e0 ma filleule qui \u00e9tait notre t\u00e9moin que Peter a le VIH et elle lui a saut\u00e9 dessus pour lui faire des c\u00e2lins et des bisous partout. Elle lui a dit \u00ab Peter mon oncle, je t\u2019aime encore plus \u00bb. Nous sommes partis \u00e0 New York \u00e0 la Pride avec mon neveu. Nous portions tous les trois des teeshirts avec i=i. Toute la famille nous soutien et les amis aussi, et m\u00eame au travail car je travaille pour l\u2019ambassade du Canada.<\/p><\/blockquote>\n","background_color":false},{"acf_fc_layout":"text2cols","background_color":true,"title":"Quels conseils pouvez-vous donner aux partenaires s\u00e9rodiff\u00e9rents ?","col_left":"<p>P : Le conseil que je donnerai aux autres PVVIH, c\u2019est de le dire le plus vite possible. Tout d\u00e9pend du caract\u00e8re. Moi j\u2019ai pris l\u2019information scientifique pour donner l\u2019information et non pour convaincre. J&rsquo;ai un ami qui a \u00e9t\u00e9 \u00e9tonn\u00e9 et qui est all\u00e9 chez SENSOA \u00e0 Anvers pour parler avec des professionnels et s\u2019 informer. Il faut aller \u00e9tape par \u00e9tape, car ce n\u2019est pas facile de le dire, c\u2019est pourquoi nous sommes activiste pour dire que i=i existe et que tout le monde doit le savoir. \u00catre honn\u00eate c\u2019est quelque chose qui est appr\u00e9ci\u00e9 par beaucoup car ils se disent que s\u2019il est honn\u00eate l\u00e0-dessus, il doit l\u2019\u00eatre aussi pour les autres choses de la vie. Dado et moi sommes tomb\u00e9s amoureux d\u00e8s qu&rsquo;on s&rsquo;est vu. S\u2019il m\u2019avait rejet\u00e9 \u00e7a m&rsquo;aurait beaucoup fait souffrir.<\/p>\n","col_right":"<p>D : Si vous avez des doutes ou des craintes \u00e0 l&rsquo;id\u00e9e de commencer une relation avec quelqu\u2019un de s\u00e9ropositif, pensez qu&rsquo;on est en 2023. Il y a la science, il y a des cas, des exemples comme nous. Il est ind\u00e9tectable et apr\u00e8s presque 5 ans de relation sans protection, je suis toujours s\u00e9ron\u00e9gatif. Si tu tombes amoureux de quelqu\u2019un tu dois y aller. Ce jour-l\u00e0 quand il m\u2019a dit \u00ab je pense que je suis d\u00e9j\u00e0 amoureux de toi, je me suis dis que j&rsquo;\u00e9tais chanceux parce que on a eu tous les deux un coup de c\u0153ur l\u2019un pour l\u2019autre. Il y a un million de poissons dans l\u2019oc\u00e9an, moi j\u2019ai attrap\u00e9 un poisson positif, je suis tomb\u00e9 amoureux de lui tout de suite. Qu\u2019est-ce que je fais ? Je le lance \u00e0 l\u2019eau ? Mais non ! Je garde mon poisson et regarde, ma vie a chang\u00e9, elle est devenue meilleure. Tombe en amour, le VIH n\u2019est plus un facteur pour dire non aux autres. Alors oui \u00e0 l\u2019amour !<\/p>\n"},{"acf_fc_layout":"textfull","text":"<p>Retrouvez Dado et Peter sur les r\u00e9seaux sociaux <a href=\"https:\/\/www.instagram.com\/explore\/locations\/460566488108500\/mr-chill-mr-fluffy\/?hl=fr\"><b>Mr. Chill &amp; Mr. Fluffy<\/b><\/a> et sur leur <a href=\"https:\/\/mrchillmrfluffy.com\/\">blog<\/a>.<\/p>\n","background_color":false}]},"_links":{"self":[{"href":"https:\/\/www.vivreaveclevih.org\/fr\/wp-json\/wp\/v2\/posts\/10927","targetHints":{"allow":["GET"]}}],"collection":[{"href":"https:\/\/www.vivreaveclevih.org\/fr\/wp-json\/wp\/v2\/posts"}],"about":[{"href":"https:\/\/www.vivreaveclevih.org\/fr\/wp-json\/wp\/v2\/types\/post"}],"author":[{"embeddable":true,"href":"https:\/\/www.vivreaveclevih.org\/fr\/wp-json\/wp\/v2\/users\/4"}],"replies":[{"embeddable":true,"href":"https:\/\/www.vivreaveclevih.org\/fr\/wp-json\/wp\/v2\/comments?post=10927"}],"version-history":[{"count":10,"href":"https:\/\/www.vivreaveclevih.org\/fr\/wp-json\/wp\/v2\/posts\/10927\/revisions"}],"predecessor-version":[{"id":10950,"href":"https:\/\/www.vivreaveclevih.org\/fr\/wp-json\/wp\/v2\/posts\/10927\/revisions\/10950"}],"wp:featuredmedia":[{"embeddable":true,"href":"https:\/\/www.vivreaveclevih.org\/fr\/wp-json\/wp\/v2\/media\/10937"}],"wp:attachment":[{"href":"https:\/\/www.vivreaveclevih.org\/fr\/wp-json\/wp\/v2\/media?parent=10927"}],"wp:term":[{"taxonomy":"category","embeddable":true,"href":"https:\/\/www.vivreaveclevih.org\/fr\/wp-json\/wp\/v2\/categories?post=10927"},{"taxonomy":"post_tag","embeddable":true,"href":"https:\/\/www.vivreaveclevih.org\/fr\/wp-json\/wp\/v2\/tags?post=10927"}],"curies":[{"name":"wp","href":"https:\/\/api.w.org\/{rel}","templated":true}]}}