{"id":10955,"date":"2023-03-06T10:39:12","date_gmt":"2023-03-06T09:39:12","guid":{"rendered":"https:\/\/www.vivreaveclevih.org\/?p=10955"},"modified":"2023-03-06T14:18:44","modified_gmt":"2023-03-06T13:18:44","slug":"femmes-et-vulnerabilite-au-vih","status":"publish","type":"post","link":"https:\/\/www.vivreaveclevih.org\/fr\/femmes-et-vulnerabilite-au-vih\/","title":{"rendered":"Femmes et vuln\u00e9rabilit\u00e9 au VIH"},"content":{"rendered":"","protected":false},"excerpt":{"rendered":"","protected":false},"author":4,"featured_media":10958,"comment_status":"closed","ping_status":"closed","sticky":false,"template":"","format":"standard","meta":{"_acf_changed":false,"footnotes":""},"categories":[15],"tags":[],"class_list":["post-10955","post","type-post","status-publish","format-standard","has-post-thumbnail","hentry","category-news"],"acf":{"sidebar":false,"contenu_flexible":[{"acf_fc_layout":"textfull","text":"","background_color":false},{"acf_fc_layout":"textfull","text":"<h2 align=\"justify\">Contexte g\u00e9n\u00e9ral<\/h2>\n<p align=\"justify\"><span style=\"color: #333333;\"><span style=\"font-size: medium;\">Selon l\u2019ONUSIDA, les femmes et les filles repr\u00e9sentent 54% des 38,4 millions de personnes vivant avec le VIH \u00e0 travers monde en 2021.En <\/span><\/span><span style=\"font-size: medium;\">Belgique 61<\/span><span style=\"color: #363636;\"><span style=\"font-size: medium;\"> % des diagnostics de VIH parmi les h\u00e9t\u00e9rosexuels originaires d\u2019Afrique subsaharienne et 32 % parmi les h\u00e9t\u00e9rosexuels de nationalit\u00e9 belge en 2021 \u00e9taient des femmes. <\/span><\/span><\/p>\n<p align=\"justify\"><span style=\"color: #363636;\"><span style=\"font-size: medium;\">Ces chiffres montrent l\u2019importance de d\u00e9finir les femmes et plus particuli\u00e8rement les femmes issues de la migration en tant que public prioritaire des programmes de pr\u00e9vention du VIH. Notamment en mettant en place des actions cibl\u00e9es tenant compte des sp\u00e9cificit\u00e9s de ce public pour r\u00e9duire la pr\u00e9valence* chez la femme et les jeunes filles afin d\u2019atteindre les objectifs de l\u2019ONUSIDA et mettre fin \u00e0 l\u2019\u00e9pid\u00e9mie du VIH.<\/span><\/span><\/p>\n","background_color":false},{"acf_fc_layout":"imagetext","image":10956,"text":"<h2 align=\"justify\">In\u00e9galit\u00e9s de genre et VIH<\/h2>\n<p align=\"justify\"><span style=\"color: #363636;\">Plusieurs recherches et \u00e9tudes mettent en avant le genre comme facteur de vuln\u00e9rabilit\u00e9 qui engendre des in\u00e9galit\u00e9s entre les hommes et les femmes dans nombreux domaine de la vie (d\u00e9cisionnel, social, politique et \u00e9conomique). C\u2019est ce qu\u2019on appelle les in\u00e9galit\u00e9s de genre. Celles-ci peuvent avoir un impact sur la sant\u00e9 y compris la sant\u00e9 sexuelle et l\u2019\u00e9panouissement de la femme.<\/span><\/p>\n<p align=\"justify\"><strong><span style=\"color: #363636;\"><span style=\"font-size: medium;\">Parmi ces in\u00e9galit\u00e9s de genre qui impacte la sant\u00e9 sexuelle on peut citer entre autres\u00a0: <\/span><\/span><\/strong><\/p>\n<ul>\n<li>\n<p lang=\"fr-FR\" align=\"justify\"><span style=\"color: #363636;\"><span style=\"font-size: medium;\">Les in\u00e9galit\u00e9s culturelles, sociales, \u00e9ducationnelles et \u00e9conomiques r\u00e9duisent la capacit\u00e9 des femmes et des jeunes filles \u00e0 faire face \u00e0 l\u2019\u00e9pid\u00e9mie du VIH. Elles les emp\u00eachent par exemple, d\u2019avoir acc\u00e8s \u00e0 l\u2019information et aux outils de pr\u00e9vention et de ce fait de prendre en soin leur sant\u00e9 sexuelle. Ceci les maintient sous la d\u00e9pendance des hommes et limite ou r\u00e9duit leur pouvoir d\u00e9cisionnel y compris pour leur sant\u00e9 sexuelle.<\/span><\/span><\/p>\n<\/li>\n<li>\n<p lang=\"fr-FR\" align=\"justify\"><span style=\"color: #363636;\"><span style=\"font-size: medium;\">Les violences sexuelles fragilisent et rendent les femmes plus vuln\u00e9rables au VIH et autres infections sexuellement transmissibles. <\/span><\/span><\/p>\n<\/li>\n<li>\n<p lang=\"fr-FR\" align=\"justify\"><span style=\"color: #363636;\"><span style=\"font-size: medium;\">Les difficult\u00e9s relationnelles au sein des couples, sont d\u00e9favorables \u00e0 l\u2019\u00e9panouissement des femmes et \u00e0 la prise en charge correcte de leur sant\u00e9 globale.<\/span><\/span><\/p>\n<\/li>\n<\/ul>\n","background_color":false,"link_image":""},{"acf_fc_layout":"textimage","text":"<h2 align=\"justify\">Impact des in\u00e9galit\u00e9s de genre sur la sant\u00e9 des femmes vivant avec le VIH<\/h2>\n<p align=\"justify\"><span style=\"color: #363636;\"><span style=\"font-size: medium;\">Les in\u00e9galit\u00e9s de genre ont des r\u00e9percussions lors de l\u2019annonce de la s\u00e9ropositivit\u00e9 aux partenaires. En effet, les femmes de fa\u00e7on g\u00e9n\u00e9rale consultent plus que les hommes que \u00e7a soit lors de suivi de grossesse ou de suivi gyn\u00e9cologique de contr\u00f4le, elles sont donc souvent diagnostiqu\u00e9es en premier pour le VIH et les autres IST. Par cons\u00e9quent, elles sont parfois confront\u00e9es aux difficult\u00e9s d\u2019annoncer leur statut s\u00e9rologique \u00e0 leur partenaire et\/ou de l\u2019amener en consultation pour r\u00e9aliser un d\u00e9pistage. En cas de r\u00e9sultat positif du partenaire elles s\u2019exposent \u00e0 des disputes, des violences, du chantage voire m\u00eame la s\u00e9paration du couple ou \u00e0 \u00eatre d\u00e9sign\u00e9e sans preuve comme celles qui ont ramen\u00e9 le VIH dans la famille.<\/span><\/span><\/p>\n<p align=\"justify\"><span style=\"color: #363636;\"><span style=\"font-size: medium;\">La peur de l\u2019annonce de sa s\u00e9ropositivit\u00e9, les violences v\u00e9cues par les femmes s\u00e9ropositives (rejet, stigmatisation, maltraitance,) au sein des couple peuvent conduire certaines \u00e0 renoncer \u00e0 la sexualit\u00e9 et \u00e0 toutes relations affectives. Cette solitude affective a un impact important sur leur bien-\u00eatre \u00e9motionnel. D\u2019autres n\u2019ont pas le choix que d\u2019accepter de vivre dans la violence par peur de se retrouver \u00e0 la rue et sans revenus car elles sont d\u00e9pendantes financi\u00e8rement de leur partenaire. Certaines d\u2019entre elles subissent \u00e9galement de la pression familiale, culturelle ou religieuse. Parmi celles qui font le choix de quitter un partenaire violent, certaines se retrouvent oblig\u00e9es d\u2019avoir recours \u00e0 la prostitution pour subvenir \u00e0 leurs besoins et ceux de leur famille, parfois sans avoir la possibilit\u00e9 d\u2019imposer le pr\u00e9servatif comme moyen de protection pour les autres maladies sexuellement transmissibles quand leur charge virale est ind\u00e9tectable.<\/span><\/span><\/p>\n<p align=\"justify\"><span style=\"color: #363636;\"><span style=\"font-size: medium;\">Les in\u00e9galit\u00e9s de genre se r\u00e9percutent \u00e9galement au niveau biologique. En effet, l\u2019infection au VIH et ses cons\u00e9quences sur la sant\u00e9 ne sont pas les m\u00eame chez les femmes et les hommes. Par exemple, les femmes vivant avec le VIH d\u00e9clarent souvent une m\u00e9nopause pr\u00e9coce, des probl\u00e8mes d\u2019ost\u00e9oporose et d\u2019autres pathologies qui n\u2019affectent que les femmes et qui impact leur bien-\u00eatre g\u00e9n\u00e9ral. <\/span><\/span><\/p>\n<p align=\"justify\"><span style=\"color: #363636;\"><span style=\"font-size: medium;\">Les femmes sont \u00e9galement des oubli\u00e9es des recherches cliniques qui ne tiennent pas toujours en compte de leurs sp\u00e9cificit\u00e9s biologiques ou morphologiques propres qui pourraient limiter les effets ind\u00e9sirables li\u00e9s aux m\u00e9dicaments.<\/span><\/span><\/p>\n","image":10972,"background_color":true,"link_image":""},{"acf_fc_layout":"imagetext","image":10975,"text":"<h2 align=\"justify\">De l\u2019espoir pour l\u2019avenir<\/h2>\n<p align=\"justify\"><span style=\"color: #363636;\"><span style=\"font-size: medium;\">Heureusement <a href=\"shttps:\/\/www.vivreaveclevih.org\/fr\/protection\/indetectable-intransmissible-ou-ii\/\">I=I (ind\u00e9tectable = intransmissible)<\/a> est venue soulager le poids qui pesait sur les femmes par rapport \u00e0 leur culpabilit\u00e9 et leur responsabilisation de transmission du VIH. En effet, avec l\u2019\u00e9volution de la science comme tout autre personne vivant avec le VIH avec une charge virale ind\u00e9tectable, la femme vivant avec le VIH ne transmet plus le VIH ni \u00e0 son enfant ni \u00e0 son partenaire. <\/span><\/span><\/p>\n<p align=\"justify\"><span style=\"color: #363636;\"><span style=\"font-size: medium;\">Les femmes commencent \u00e9galement \u00e0 sortir de l\u2019ombre pour d\u00e9noncer les violences subies et trouver l\u2019aide n\u00e9cessaire afin de prendre en main leur vie et leur sant\u00e9 sexuelle. Cela souligne l\u2019importance de les renforcer davantage pour qu\u2019elles prennent plus d\u2019assurance et soient en mesure de refuser et de d\u00e9noncer tout abus ou exploitation qui entraveraient leur bien- \u00eatre physique, sexuel, affectif et mental. Il est aussi important que les services que fr\u00e9quente les femmes vivant avec le VIH soient plus accueillants, bienveillants et sans jugement pour r\u00e9pondre \u00e0 leurs besoins sp\u00e9cifiques (d\u00e9sir d\u2019enfant, sexualit\u00e9 et sant\u00e9 sexuelle, etc,\u2026).<\/span><\/span><\/p>\n","background_color":false,"link_image":""},{"acf_fc_layout":"textfull","text":"<h2>Et si on \u00e9coutait l\u2019avis des femmes vivant avec le VIH?<\/h2>\n<h3 lang=\"fr-FR\" style=\"text-align: center;\"><span style=\"color: #fdb515;\"><b>Jade (nom d\u2019emprunt)<\/b><\/span><\/h3>\n<blockquote><p><i>\u00ab\u00a0\u00catre une femme vivant avec le VIH\u00a0<\/i><\/p>\n<p><i>Tout d\u2019abord revenons sur ce qu\u2019est une femme \u00e0 notre \u00e9poque. C\u2019est une femme qui dans la majorit\u00e9 des cas travaille, qui assume avec son compagnon ou seule toutes les charges de m\u00e9nage. C\u2019est aussi une femme \u00e0 part enti\u00e8re avec des envies et des besoins. C\u2019est souvent une maman ou une maman en devenir.<\/i><\/p>\n<p><i>Alors quand on apprend que on est s\u00e9ropositive on se pose plein de questions. Mais celles-ci varient aussi de notre situation. <\/i><\/p>\n<p><i>Si vous \u00eates jeunes et que vous esp\u00e9rez fonder une famille vous vous demandez si vous trouverez le compagnon qui vous acceptera. Vous vous demandez aussi si votre enfant souffrira du HIV.<\/i><\/p>\n<p><i>Si vous \u00eates plus \u00e2g\u00e9e comme moi quand je l\u2019ai appris vous vous dites que votre vie est d\u00e9j\u00e0 bien pleine. Mais comme pour les jeunes trouver un compagnon reste un point d\u00e9licat.<\/i><\/p>\n<p><i>Le rapport avec la relation \u00e0 l\u2019autre est un sujet qui est difficile \u00e0 aborder, comment dire \u00e0 son compagnon (tout neuf) que nous sommes s\u00e9ropositifs. Comment va t-i r\u00e9agir. Il est vrai que gr\u00e2ce \u00e0 la prise de m\u00e9dicament et le fait que l\u2019on ne peut plus transmettre le virus cette question est plus facile \u00e0 aborder mais encore faut-il que la personne en face de nous soit suffisamment ouverte et \u00e0 l\u2019\u00e9coute pour le comprendre et l\u2019accepter.<\/i><\/p>\n<p><i>Vivre avec le VIH c\u2019est aussi au quotidien prendre un m\u00e9dicament. Parfois il est difficile d\u2019affronter les questions des personnes en face de nous et qui ne sont pas au courant de notre situation. Alors on invente un probl\u00e8me qui n\u00e9cessite une prise de m\u00e9dicament pour ne pas devoir donner d\u2019explication.<\/i><\/p>\n<p><i>C\u2019est aussi craindre l\u2019exclusion en annon\u00e7ant \u00e0 nos proches, nos amis, ou au travail notre s\u00e9ropositivit\u00e9.<\/i><\/p>\n<p><i>Mais je tiens \u00e0 vous dire, que depuis que la notion I=I est rentr\u00e9e dans ma vie je ne suis plus inqui\u00e8te et j\u2019ose annoncer ma situation. Je vous avoue quand m\u00eame que je ne le crie pas s\u00fbr les toits mais je ne me cache plus.<\/i><\/p>\n<p><i>Alors mesdames vous qui \u00eates des \u00eatres d\u2019exception avec tant de force. Vous qui menez de front tant de chose n\u2019ayez plus peur de ce que vous \u00eates. Vous \u00eates juste une femme vivant avec une maladie chronique qui m\u00e9rite l\u2019amour, la tendresse et toutes les belles choses que la vie peut vous apporter.<\/i><\/p>\n<p><i>Soyez fi\u00e8re de vous et de ce que vous \u00eates\u00a0\u00bb.<\/i><\/p><\/blockquote>\n","background_color":false},{"acf_fc_layout":"textfull","text":"<h3 style=\"text-align: center;\"><span style=\"color: #fdb515;\">Sofiane (nom d&#8217;emprunt)<\/span><\/h3>\n<blockquote><p><i>\u00ab\u00a0En tant que femme vivant avec le VIH depuis bient\u00f4t 30 ans je me sens plus rassur\u00e9e qu\u2019avant. Je parle par rapport aux traitements qui se sont beaucoup am\u00e9lior\u00e9s. Malgr\u00e9 une longue liste d&rsquo;effets secondaires il y a un grand progr\u00e8s. J\u2019ai l&rsquo;espoir que si tout le monde s&rsquo;y met le VIH pourrait diminuer consid\u00e9rablement.<\/i><i> Si<\/i><i>\u00a0la femme qui est suivie ne peut plus transmettre le virus \u00e0 l&rsquo;enfant ni \u00e0 son partenaire (I=I) c&rsquo;est d\u00e9j\u00e0 un tr\u00e8s grand pas ! Mais \u00e0 c\u00f4t\u00e9 de tout \u00e7a, le VIH reste une maladie tr\u00e8s honteuse. Beaucoup de pr\u00e9jug\u00e9s m\u00eame dans le milieu m\u00e9dical alors que l\u00e0 tout le monde est cens\u00e9 \u00eatre inform\u00e9. <\/i><\/p>\n<p><i>Nous les femmes nous h\u00e9sitons souvent de d\u00e9voiler notre statut s\u00e9rologique par peur d&rsquo;\u00eatre jug\u00e9es. Vu que c&rsquo;est comme un secret avec lequel on vit, on a aussi peur qu&rsquo;il soit divulgu\u00e9. M\u00eame dans les associations que je fr\u00e9quente, il y a beaucoup de femmes que d&rsquo;<\/i><i>hommes. Il<\/i><i>\u00a0para\u00eet qu&rsquo;il y a des hommes qui croient que s\u2019ils sont circoncis, ils ne peuvent pas attraper les IST. Alors les femmes sont victimes de leur ignorance alors qu\u2019elles font attention de leur c\u00f4t\u00e9. <\/i><\/p>\n<p><i>Actuellement, malgr\u00e9 les avanc\u00e9es th\u00e9rapeutiques il y a encore beaucoup de femmes mal inform\u00e9es alors que ce sont elles qui sont \u00e0 risque de transmettre le virus en accouchant ou en allaitant l\u2019enfant. Il faut continuer les campagnes d&rsquo;information encore plus pour lutter contre l\u2019ignorance. Le VIH si tu es bien suivi, il ne te fait pas mal comme le cancer ou le diab\u00e8te etc. mais il y a toujours chez nous les femmes cette souffrance\u00a0<\/i><i>morale.<\/i><i> Nous nous cachons par peur des pr\u00e9jug\u00e9s qui s&rsquo;ajoutent aux traitements lourds que nous prenons. On essaie d&rsquo;\u00eatre fortes mais des fois il y a encore beaucoup de facteurs qui nous d\u00e9couragent.\u00a0\u00bb<\/i><\/p><\/blockquote>\n","background_color":false}]},"_links":{"self":[{"href":"https:\/\/www.vivreaveclevih.org\/fr\/wp-json\/wp\/v2\/posts\/10955","targetHints":{"allow":["GET"]}}],"collection":[{"href":"https:\/\/www.vivreaveclevih.org\/fr\/wp-json\/wp\/v2\/posts"}],"about":[{"href":"https:\/\/www.vivreaveclevih.org\/fr\/wp-json\/wp\/v2\/types\/post"}],"author":[{"embeddable":true,"href":"https:\/\/www.vivreaveclevih.org\/fr\/wp-json\/wp\/v2\/users\/4"}],"replies":[{"embeddable":true,"href":"https:\/\/www.vivreaveclevih.org\/fr\/wp-json\/wp\/v2\/comments?post=10955"}],"version-history":[{"count":10,"href":"https:\/\/www.vivreaveclevih.org\/fr\/wp-json\/wp\/v2\/posts\/10955\/revisions"}],"predecessor-version":[{"id":10981,"href":"https:\/\/www.vivreaveclevih.org\/fr\/wp-json\/wp\/v2\/posts\/10955\/revisions\/10981"}],"wp:featuredmedia":[{"embeddable":true,"href":"https:\/\/www.vivreaveclevih.org\/fr\/wp-json\/wp\/v2\/media\/10958"}],"wp:attachment":[{"href":"https:\/\/www.vivreaveclevih.org\/fr\/wp-json\/wp\/v2\/media?parent=10955"}],"wp:term":[{"taxonomy":"category","embeddable":true,"href":"https:\/\/www.vivreaveclevih.org\/fr\/wp-json\/wp\/v2\/categories?post=10955"},{"taxonomy":"post_tag","embeddable":true,"href":"https:\/\/www.vivreaveclevih.org\/fr\/wp-json\/wp\/v2\/tags?post=10955"}],"curies":[{"name":"wp","href":"https:\/\/api.w.org\/{rel}","templated":true}]}}