{"id":10983,"date":"2023-03-06T15:47:52","date_gmt":"2023-03-06T14:47:52","guid":{"rendered":"https:\/\/www.vivreaveclevih.org\/facebook-74\/"},"modified":"2023-03-06T15:47:52","modified_gmt":"2023-03-06T14:47:52","slug":"facebook-74","status":"publish","type":"post","link":"https:\/\/www.vivreaveclevih.org\/fr\/facebook-74\/","title":{"rendered":"Facebook"},"content":{"rendered":"<p>Quels sont les activit\u00e9s du mois de mars ouvertes aux personnes vivant avec le VIH ? \ud83d\ude03 D\u00e9couvrez l&rsquo;agenda complet : <a href=\"https:\/\/www.vivreaveclevih.org\/fr\/activites\/agenda\/\" target=\"_blank\" rel=\"noopener\">https:\/\/www.vivreaveclevih.org\/fr\/activites\/agenda\/<\/a><br \/>\n11\/03 : Plus d&rsquo;infos sur le groupe Actions Plus : <a href=\"https:\/\/www.vivreaveclevih.org\/fr\/activites\/actions-plus\/\" target=\"_blank\" rel=\"noopener\">https:\/\/www.vivreaveclevih.org\/fr\/activites\/actions-plus\/<\/a><br \/>\n16\/03 : Infos et inscription au caf\u00e9 sant\u00e9 \u00ab\u00a0Cancers et VIH\u00a0\u00bb<br \/>\n<a href=\"https:\/\/www.vivreaveclevih.org\/fr\/agenda\/cafe-sante-cancer-et-vih\/\" target=\"_blank\" rel=\"noopener\">https:\/\/www.vivreaveclevih.org\/fr\/agenda\/cafe-sante-cancer-et-vih\/<\/a><br \/>\nPour vous inscrire aux activit\u00e9s du groupe Mandela et \u00e0 la sortie culturelle, demandez Gr\u00e2ce Ntunzwenimana au 02.733.72.99 \ud83d\udc48\ud83d\udcde<\/p>\n","protected":false},"excerpt":{"rendered":"<p>Quels sont les activit\u00e9s du mois de mars ouvertes aux personnes vivant avec le VIH ? \ud83d\ude03 D\u00e9couvrez l&rsquo;agenda complet [&hellip;]<\/p>\n","protected":false},"author":1,"featured_media":10984,"comment_status":"closed","ping_status":"closed","sticky":false,"template":"","format":"standard","meta":{"_acf_changed":false,"footnotes":""},"categories":[13],"tags":[],"class_list":["post-10983","post","type-post","status-publish","format-standard","has-post-thumbnail","hentry","category-facebook"],"acf":{"contenu_flexible":null,"sidebar":null},"_links":{"self":[{"href":"https:\/\/www.vivreaveclevih.org\/fr\/wp-json\/wp\/v2\/posts\/10983","targetHints":{"allow":["GET"]}}],"collection":[{"href":"https:\/\/www.vivreaveclevih.org\/fr\/wp-json\/wp\/v2\/posts"}],"about":[{"href":"https:\/\/www.vivreaveclevih.org\/fr\/wp-json\/wp\/v2\/types\/post"}],"author":[{"embeddable":true,"href":"https:\/\/www.vivreaveclevih.org\/fr\/wp-json\/wp\/v2\/users\/1"}],"replies":[{"embeddable":true,"href":"https:\/\/www.vivreaveclevih.org\/fr\/wp-json\/wp\/v2\/comments?post=10983"}],"version-history":[{"count":0,"href":"https:\/\/www.vivreaveclevih.org\/fr\/wp-json\/wp\/v2\/posts\/10983\/revisions"}],"wp:featuredmedia":[{"embeddable":true,"href":"https:\/\/www.vivreaveclevih.org\/fr\/wp-json\/wp\/v2\/media\/10984"}],"wp:attachment":[{"href":"https:\/\/www.vivreaveclevih.org\/fr\/wp-json\/wp\/v2\/media?parent=10983"}],"wp:term":[{"taxonomy":"category","embeddable":true,"href":"https:\/\/www.vivreaveclevih.org\/fr\/wp-json\/wp\/v2\/categories?post=10983"},{"taxonomy":"post_tag","embeddable":true,"href":"https:\/\/www.vivreaveclevih.org\/fr\/wp-json\/wp\/v2\/tags?post=10983"}],"curies":[{"name":"wp","href":"https:\/\/api.w.org\/{rel}","templated":true}]}}