{"id":11035,"date":"2023-03-29T16:00:03","date_gmt":"2023-03-29T14:00:03","guid":{"rendered":"https:\/\/www.vivreaveclevih.org\/facebook-80\/"},"modified":"2023-03-29T16:00:03","modified_gmt":"2023-03-29T14:00:03","slug":"facebook-80","status":"publish","type":"post","link":"https:\/\/www.vivreaveclevih.org\/fr\/facebook-80\/","title":{"rendered":"Facebook"},"content":{"rendered":"<p>Quels sont les activit\u00e9s du mois d&rsquo;avril ouvertes aux personnes vivant avec le VIH ? \ud83d\ude03 D\u00e9couvrez l&rsquo;agenda complet : <a href=\"https:\/\/www.vivreaveclevih.org\/fr\/activites\/agenda\/\" target=\"_blank\" rel=\"noopener\">https:\/\/www.vivreaveclevih.org\/fr\/activites\/agenda\/<\/a><br \/>\n14\/04 : Infos et inscription \u00e0 la Journ\u00e9e des femmes<br \/>\n<a href=\"https:\/\/www.vivreaveclevih.org\/fr\/agenda\/journee-des-femmes-sexualites\/\" target=\"_blank\" rel=\"noopener\">https:\/\/www.vivreaveclevih.org\/fr\/agenda\/journee-des-femmes-sexualites\/<\/a><br \/>\n15\/04 : Plus d&rsquo;infos sur le groupe Actions Plus : <a href=\"https:\/\/www.vivreaveclevih.org\/fr\/activites\/actions-plus\/\" target=\"_blank\" rel=\"noopener\">https:\/\/www.vivreaveclevih.org\/fr\/activites\/actions-plus\/<\/a><br \/>\nPour vous inscrire aux activit\u00e9s du groupe Mandela et \u00e0 la sortie culturelle, demandez Gr\u00e2ce Ntunzwenimana au 02.733.72.99 \ud83d\udc48\ud83d\udcde<\/p>\n","protected":false},"excerpt":{"rendered":"<p>Quels sont les activit\u00e9s du mois d&rsquo;avril ouvertes aux personnes vivant avec le VIH ? \ud83d\ude03 D\u00e9couvrez l&rsquo;agenda complet : [&hellip;]<\/p>\n","protected":false},"author":1,"featured_media":11036,"comment_status":"closed","ping_status":"closed","sticky":false,"template":"","format":"standard","meta":{"_acf_changed":false,"footnotes":""},"categories":[13],"tags":[],"class_list":["post-11035","post","type-post","status-publish","format-standard","has-post-thumbnail","hentry","category-facebook"],"acf":{"contenu_flexible":null,"sidebar":null},"_links":{"self":[{"href":"https:\/\/www.vivreaveclevih.org\/fr\/wp-json\/wp\/v2\/posts\/11035","targetHints":{"allow":["GET"]}}],"collection":[{"href":"https:\/\/www.vivreaveclevih.org\/fr\/wp-json\/wp\/v2\/posts"}],"about":[{"href":"https:\/\/www.vivreaveclevih.org\/fr\/wp-json\/wp\/v2\/types\/post"}],"author":[{"embeddable":true,"href":"https:\/\/www.vivreaveclevih.org\/fr\/wp-json\/wp\/v2\/users\/1"}],"replies":[{"embeddable":true,"href":"https:\/\/www.vivreaveclevih.org\/fr\/wp-json\/wp\/v2\/comments?post=11035"}],"version-history":[{"count":0,"href":"https:\/\/www.vivreaveclevih.org\/fr\/wp-json\/wp\/v2\/posts\/11035\/revisions"}],"wp:featuredmedia":[{"embeddable":true,"href":"https:\/\/www.vivreaveclevih.org\/fr\/wp-json\/wp\/v2\/media\/11036"}],"wp:attachment":[{"href":"https:\/\/www.vivreaveclevih.org\/fr\/wp-json\/wp\/v2\/media?parent=11035"}],"wp:term":[{"taxonomy":"category","embeddable":true,"href":"https:\/\/www.vivreaveclevih.org\/fr\/wp-json\/wp\/v2\/categories?post=11035"},{"taxonomy":"post_tag","embeddable":true,"href":"https:\/\/www.vivreaveclevih.org\/fr\/wp-json\/wp\/v2\/tags?post=11035"}],"curies":[{"name":"wp","href":"https:\/\/api.w.org\/{rel}","templated":true}]}}