{"id":11081,"date":"2023-04-13T10:33:54","date_gmt":"2023-04-13T08:33:54","guid":{"rendered":"https:\/\/www.vivreaveclevih.org\/facebook-83\/"},"modified":"2023-04-13T10:33:54","modified_gmt":"2023-04-13T08:33:54","slug":"facebook-83","status":"publish","type":"post","link":"https:\/\/www.vivreaveclevih.org\/fr\/facebook-83\/","title":{"rendered":"Facebook"},"content":{"rendered":"<p>Vous \u00eates une personne vivant avec le VIH et vous souhaitez vous impliquer davantage dans la gestion de votre sant\u00e9 \u2753 Alors cette formation est faite pour vous ! \ud83e\udef5<br \/>\nNous vous proposons 4 rencontres pour vous aider \u00e0 faire entendre votre voix et \u00e0 garder la mainmise sur votre sant\u00e9, en discussion avec les professionnel\u00b7les de la sant\u00e9 qui vous accompagnent \ud83e\udec2. Si vous rejoignez l\u2019aventure, nous vous conseillons de participer aux 4 s\u00e9ances pour un meilleur r\u00e9sultat.<br \/>\nInscrivez-vous \u00e0 la premi\u00e8re s\u00e9ance sans tarder \u27a1\ufe0f<a href=\"https:\/\/www.vivreaveclevih.org\/fr\/agenda\/cycle-de-formation-pour-les-personnes-vivant-avec-le-vih-1ere-seance\/\" target=\"_blank\" rel=\"noopener\">https:\/\/www.vivreaveclevih.org\/fr\/agenda\/cycle-de-formation-pour-les-personnes-vivant-avec-le-vih-1ere-seance\/<\/a><\/p>\n","protected":false},"excerpt":{"rendered":"<p>Vous \u00eates une personne vivant avec le VIH et vous souhaitez vous impliquer davantage dans la gestion de votre sant\u00e9 [&hellip;]<\/p>\n","protected":false},"author":1,"featured_media":11082,"comment_status":"closed","ping_status":"closed","sticky":false,"template":"","format":"standard","meta":{"_acf_changed":false,"footnotes":""},"categories":[13],"tags":[],"class_list":["post-11081","post","type-post","status-publish","format-standard","has-post-thumbnail","hentry","category-facebook"],"acf":{"contenu_flexible":null,"sidebar":null},"_links":{"self":[{"href":"https:\/\/www.vivreaveclevih.org\/fr\/wp-json\/wp\/v2\/posts\/11081","targetHints":{"allow":["GET"]}}],"collection":[{"href":"https:\/\/www.vivreaveclevih.org\/fr\/wp-json\/wp\/v2\/posts"}],"about":[{"href":"https:\/\/www.vivreaveclevih.org\/fr\/wp-json\/wp\/v2\/types\/post"}],"author":[{"embeddable":true,"href":"https:\/\/www.vivreaveclevih.org\/fr\/wp-json\/wp\/v2\/users\/1"}],"replies":[{"embeddable":true,"href":"https:\/\/www.vivreaveclevih.org\/fr\/wp-json\/wp\/v2\/comments?post=11081"}],"version-history":[{"count":0,"href":"https:\/\/www.vivreaveclevih.org\/fr\/wp-json\/wp\/v2\/posts\/11081\/revisions"}],"wp:featuredmedia":[{"embeddable":true,"href":"https:\/\/www.vivreaveclevih.org\/fr\/wp-json\/wp\/v2\/media\/11082"}],"wp:attachment":[{"href":"https:\/\/www.vivreaveclevih.org\/fr\/wp-json\/wp\/v2\/media?parent=11081"}],"wp:term":[{"taxonomy":"category","embeddable":true,"href":"https:\/\/www.vivreaveclevih.org\/fr\/wp-json\/wp\/v2\/categories?post=11081"},{"taxonomy":"post_tag","embeddable":true,"href":"https:\/\/www.vivreaveclevih.org\/fr\/wp-json\/wp\/v2\/tags?post=11081"}],"curies":[{"name":"wp","href":"https:\/\/api.w.org\/{rel}","templated":true}]}}