{"id":11167,"date":"2023-06-05T08:00:02","date_gmt":"2023-06-05T06:00:02","guid":{"rendered":"https:\/\/www.vivreaveclevih.org\/facebook-98\/"},"modified":"2023-06-05T08:00:02","modified_gmt":"2023-06-05T06:00:02","slug":"facebook-98","status":"publish","type":"post","link":"https:\/\/www.vivreaveclevih.org\/fr\/facebook-98\/","title":{"rendered":"Facebook"},"content":{"rendered":"<p>Quels sont les activit\u00e9s du mois de juin ouvertes aux personnes vivant avec le VIH ? \ud83d\ude03 D\u00e9couvrez l&rsquo;agenda complet : <a href=\"https:\/\/www.vivreaveclevih.org\/fr\/activites\/agenda\/\" target=\"_blank\" rel=\"noopener\">https:\/\/www.vivreaveclevih.org\/fr\/activites\/agenda\/<\/a><br \/>\n15\/05 : Infos et inscription \u00e0 la formation (2\u00e8me s\u00e9ance) : <a href=\"https:\/\/www.vivreaveclevih.org\/fr\/agenda\/cycle-de-formation-pour-les-personnes-vivant-avec-le-vih-2eme-seance\/\" target=\"_blank\" rel=\"noopener\">https:\/\/www.vivreaveclevih.org\/fr\/agenda\/cycle-de-formation-pour-les-personnes-vivant-avec-le-vih-2eme-seance\/<\/a><br \/>\nPour vous inscrire aux activit\u00e9s du groupe Mandela et \u00e0 la sortie culturelle, demandez Gr\u00e2ce Ntunzwenimana au 02.733.72.99 \ud83d\udc48\ud83d\udcde<\/p>\n","protected":false},"excerpt":{"rendered":"<p>Quels sont les activit\u00e9s du mois de juin ouvertes aux personnes vivant avec le VIH ? \ud83d\ude03 D\u00e9couvrez l&rsquo;agenda complet [&hellip;]<\/p>\n","protected":false},"author":1,"featured_media":11168,"comment_status":"closed","ping_status":"closed","sticky":false,"template":"","format":"standard","meta":{"_acf_changed":false,"footnotes":""},"categories":[13],"tags":[],"class_list":["post-11167","post","type-post","status-publish","format-standard","has-post-thumbnail","hentry","category-facebook"],"acf":{"contenu_flexible":null,"sidebar":null},"_links":{"self":[{"href":"https:\/\/www.vivreaveclevih.org\/fr\/wp-json\/wp\/v2\/posts\/11167","targetHints":{"allow":["GET"]}}],"collection":[{"href":"https:\/\/www.vivreaveclevih.org\/fr\/wp-json\/wp\/v2\/posts"}],"about":[{"href":"https:\/\/www.vivreaveclevih.org\/fr\/wp-json\/wp\/v2\/types\/post"}],"author":[{"embeddable":true,"href":"https:\/\/www.vivreaveclevih.org\/fr\/wp-json\/wp\/v2\/users\/1"}],"replies":[{"embeddable":true,"href":"https:\/\/www.vivreaveclevih.org\/fr\/wp-json\/wp\/v2\/comments?post=11167"}],"version-history":[{"count":0,"href":"https:\/\/www.vivreaveclevih.org\/fr\/wp-json\/wp\/v2\/posts\/11167\/revisions"}],"wp:featuredmedia":[{"embeddable":true,"href":"https:\/\/www.vivreaveclevih.org\/fr\/wp-json\/wp\/v2\/media\/11168"}],"wp:attachment":[{"href":"https:\/\/www.vivreaveclevih.org\/fr\/wp-json\/wp\/v2\/media?parent=11167"}],"wp:term":[{"taxonomy":"category","embeddable":true,"href":"https:\/\/www.vivreaveclevih.org\/fr\/wp-json\/wp\/v2\/categories?post=11167"},{"taxonomy":"post_tag","embeddable":true,"href":"https:\/\/www.vivreaveclevih.org\/fr\/wp-json\/wp\/v2\/tags?post=11167"}],"curies":[{"name":"wp","href":"https:\/\/api.w.org\/{rel}","templated":true}]}}