{"id":11177,"date":"2023-06-12T18:00:01","date_gmt":"2023-06-12T16:00:01","guid":{"rendered":"https:\/\/www.vivreaveclevih.org\/facebook-101\/"},"modified":"2023-06-13T09:08:24","modified_gmt":"2023-06-13T07:08:24","slug":"facebook-101","status":"publish","type":"post","link":"https:\/\/www.vivreaveclevih.org\/fr\/facebook-101\/","title":{"rendered":"Facebook"},"content":{"rendered":"<p>La Journ\u00e9e nationale sant\u00e9 positive vih, c\u2019est quoi ? \ud83e\udd14\u2753<br \/>\n\ud83d\udc97Un espace d\u2019\u00e9change entre personnes vivant avec le VIH et professionnel.les de la sant\u00e9 sur un mode informel et \u00e0 pied d\u2019\u00e9galit\u00e9.<br \/>\n\ud83d\udc97Des ateliers et des pr\u00e9sentations autour des quatre aspects de la sant\u00e9 : Sant\u00e9 physique, Sant\u00e9 psychique et existentielle, Sant\u00e9 relationnelle et sociale, Sant\u00e9 sexuelle et affective.<br \/>\nInfos et inscriptions \ud83d\udc49 <a href=\"https:\/\/www.vivreaveclevih.org\/fr\/agenda\/journee-nationale-sante-positive-vih\/\" target=\"_blank\" rel=\"noopener\">https:\/\/www.vivreaveclevih.org\/fr\/agenda\/journee-nationale-sante-positive-vih\/<\/a><\/p>\n","protected":false},"excerpt":{"rendered":"<p>La Journ\u00e9e nationale sant\u00e9 positive vih, c\u2019est quoi ? \ud83e\udd14\u2753 \ud83d\udc97Un espace d\u2019\u00e9change entre personnes vivant avec le VIH et [&hellip;]<\/p>\n","protected":false},"author":1,"featured_media":11178,"comment_status":"closed","ping_status":"closed","sticky":false,"template":"","format":"standard","meta":{"_acf_changed":false,"footnotes":""},"categories":[13],"tags":[],"class_list":["post-11177","post","type-post","status-publish","format-standard","has-post-thumbnail","hentry","category-facebook"],"acf":{"sidebar":false,"contenu_flexible":false},"_links":{"self":[{"href":"https:\/\/www.vivreaveclevih.org\/fr\/wp-json\/wp\/v2\/posts\/11177","targetHints":{"allow":["GET"]}}],"collection":[{"href":"https:\/\/www.vivreaveclevih.org\/fr\/wp-json\/wp\/v2\/posts"}],"about":[{"href":"https:\/\/www.vivreaveclevih.org\/fr\/wp-json\/wp\/v2\/types\/post"}],"author":[{"embeddable":true,"href":"https:\/\/www.vivreaveclevih.org\/fr\/wp-json\/wp\/v2\/users\/1"}],"replies":[{"embeddable":true,"href":"https:\/\/www.vivreaveclevih.org\/fr\/wp-json\/wp\/v2\/comments?post=11177"}],"version-history":[{"count":1,"href":"https:\/\/www.vivreaveclevih.org\/fr\/wp-json\/wp\/v2\/posts\/11177\/revisions"}],"predecessor-version":[{"id":11179,"href":"https:\/\/www.vivreaveclevih.org\/fr\/wp-json\/wp\/v2\/posts\/11177\/revisions\/11179"}],"wp:featuredmedia":[{"embeddable":true,"href":"https:\/\/www.vivreaveclevih.org\/fr\/wp-json\/wp\/v2\/media\/11178"}],"wp:attachment":[{"href":"https:\/\/www.vivreaveclevih.org\/fr\/wp-json\/wp\/v2\/media?parent=11177"}],"wp:term":[{"taxonomy":"category","embeddable":true,"href":"https:\/\/www.vivreaveclevih.org\/fr\/wp-json\/wp\/v2\/categories?post=11177"},{"taxonomy":"post_tag","embeddable":true,"href":"https:\/\/www.vivreaveclevih.org\/fr\/wp-json\/wp\/v2\/tags?post=11177"}],"curies":[{"name":"wp","href":"https:\/\/api.w.org\/{rel}","templated":true}]}}