{"id":11316,"date":"2023-10-13T12:35:11","date_gmt":"2023-10-13T10:35:11","guid":{"rendered":"https:\/\/www.vivreaveclevih.org\/facebook-114\/"},"modified":"2023-10-13T12:35:11","modified_gmt":"2023-10-13T10:35:11","slug":"facebook-114","status":"publish","type":"post","link":"https:\/\/www.vivreaveclevih.org\/fr\/facebook-114\/","title":{"rendered":"Facebook"},"content":{"rendered":"<p>Quelles sont les activit\u00e9s du mois d&rsquo;octobre ouvertes aux personnes vivant avec le VIH ? \ud83d\ude03\ud83c\udf83 D\u00e9couvrez l&rsquo;agenda complet : <a href=\"https:\/\/www.vivreaveclevih.org\/fr\/activites\/agenda\/\" target=\"_blank\" rel=\"noopener\">https:\/\/www.vivreaveclevih.org\/fr\/activites\/agenda\/<\/a><br \/>\n19\/10 : Infos et inscription \u00e0 la matin\u00e9e d&rsquo;\u00e9tude : <a href=\"https:\/\/www.vivreaveclevih.org\/fr\/agenda\/save-the-date-matinee-detude-et-de-reflexion\/\" target=\"_blank\" rel=\"noopener\">https:\/\/www.vivreaveclevih.org\/fr\/agenda\/save-the-date-matinee-detude-et-de-reflexion\/<\/a><br \/>\nPour les activit\u00e9s d&rsquo;Aide Info Sida \ud83d\udc49<a href=\"https:\/\/www.aideinfosida.be\/\" target=\"_blank\" rel=\"noopener\">https:\/\/www.aideinfosida.be\/<\/a><\/p>\n","protected":false},"excerpt":{"rendered":"<p>Quelles sont les activit\u00e9s du mois d&rsquo;octobre ouvertes aux personnes vivant avec le VIH ? \ud83d\ude03\ud83c\udf83 D\u00e9couvrez l&rsquo;agenda complet : [&hellip;]<\/p>\n","protected":false},"author":1,"featured_media":11317,"comment_status":"closed","ping_status":"closed","sticky":false,"template":"","format":"standard","meta":{"_acf_changed":false,"footnotes":""},"categories":[13],"tags":[],"class_list":["post-11316","post","type-post","status-publish","format-standard","has-post-thumbnail","hentry","category-facebook"],"acf":{"contenu_flexible":null,"sidebar":null},"_links":{"self":[{"href":"https:\/\/www.vivreaveclevih.org\/fr\/wp-json\/wp\/v2\/posts\/11316","targetHints":{"allow":["GET"]}}],"collection":[{"href":"https:\/\/www.vivreaveclevih.org\/fr\/wp-json\/wp\/v2\/posts"}],"about":[{"href":"https:\/\/www.vivreaveclevih.org\/fr\/wp-json\/wp\/v2\/types\/post"}],"author":[{"embeddable":true,"href":"https:\/\/www.vivreaveclevih.org\/fr\/wp-json\/wp\/v2\/users\/1"}],"replies":[{"embeddable":true,"href":"https:\/\/www.vivreaveclevih.org\/fr\/wp-json\/wp\/v2\/comments?post=11316"}],"version-history":[{"count":0,"href":"https:\/\/www.vivreaveclevih.org\/fr\/wp-json\/wp\/v2\/posts\/11316\/revisions"}],"wp:featuredmedia":[{"embeddable":true,"href":"https:\/\/www.vivreaveclevih.org\/fr\/wp-json\/wp\/v2\/media\/11317"}],"wp:attachment":[{"href":"https:\/\/www.vivreaveclevih.org\/fr\/wp-json\/wp\/v2\/media?parent=11316"}],"wp:term":[{"taxonomy":"category","embeddable":true,"href":"https:\/\/www.vivreaveclevih.org\/fr\/wp-json\/wp\/v2\/categories?post=11316"},{"taxonomy":"post_tag","embeddable":true,"href":"https:\/\/www.vivreaveclevih.org\/fr\/wp-json\/wp\/v2\/tags?post=11316"}],"curies":[{"name":"wp","href":"https:\/\/api.w.org\/{rel}","templated":true}]}}