{"id":11341,"date":"2023-10-30T10:05:05","date_gmt":"2023-10-30T09:05:05","guid":{"rendered":"https:\/\/www.vivreaveclevih.org\/facebook-117\/"},"modified":"2023-10-30T10:05:05","modified_gmt":"2023-10-30T09:05:05","slug":"facebook-117","status":"publish","type":"post","link":"https:\/\/www.vivreaveclevih.org\/fr\/facebook-117\/","title":{"rendered":"Facebook"},"content":{"rendered":"<p>Vous \u00eates une personne vivant avec le VIH et vous souhaitez vous impliquer davantage dans la gestion de votre sant\u00e9 \u2753 Alors cette formation est faite pour vous ! \ud83e\udef5<br \/>\nNous vous invitons \u00e0 la 4\u00e8me et derni\u00e8re rencontre de ce cycle \u00ab De patient\u00b7e passif\u00b7ve \u00e0 patient\u00b7e actif\u00b7ve, garder la ma\u00eetrise de ma sant\u00e9 \u00bb qui vous donnera des outils pour mieux vous exprimer en pr\u00e9sence d\u2019un.e professionnel.le de la sant\u00e9 \ud83e\udec2.<br \/>\nInscrivez-vous sans tarder (avoir particip\u00e9 aux s\u00e9ances pr\u00e9c\u00e9dentes n&rsquo;est pas obligatoire)\u27a1\ufe0f<a href=\"https:\/\/www.vivreaveclevih.org\/fr\/agenda\/cycle-de-formation-pour-les-personnes-vivant-avec-le-vih-1ere-seance\/\" target=\"_blank\" rel=\"noopener\">https:\/\/www.vivreaveclevih.org\/fr\/agenda\/cycle-de-formation-pour-les-personnes-vivant-avec-le-vih-1ere-seance\/<\/a><\/p>\n","protected":false},"excerpt":{"rendered":"<p>Vous \u00eates une personne vivant avec le VIH et vous souhaitez vous impliquer davantage dans la gestion de votre sant\u00e9 [&hellip;]<\/p>\n","protected":false},"author":1,"featured_media":11342,"comment_status":"closed","ping_status":"closed","sticky":false,"template":"","format":"standard","meta":{"_acf_changed":false,"footnotes":""},"categories":[13],"tags":[],"class_list":["post-11341","post","type-post","status-publish","format-standard","has-post-thumbnail","hentry","category-facebook"],"acf":{"contenu_flexible":null,"sidebar":null},"_links":{"self":[{"href":"https:\/\/www.vivreaveclevih.org\/fr\/wp-json\/wp\/v2\/posts\/11341","targetHints":{"allow":["GET"]}}],"collection":[{"href":"https:\/\/www.vivreaveclevih.org\/fr\/wp-json\/wp\/v2\/posts"}],"about":[{"href":"https:\/\/www.vivreaveclevih.org\/fr\/wp-json\/wp\/v2\/types\/post"}],"author":[{"embeddable":true,"href":"https:\/\/www.vivreaveclevih.org\/fr\/wp-json\/wp\/v2\/users\/1"}],"replies":[{"embeddable":true,"href":"https:\/\/www.vivreaveclevih.org\/fr\/wp-json\/wp\/v2\/comments?post=11341"}],"version-history":[{"count":0,"href":"https:\/\/www.vivreaveclevih.org\/fr\/wp-json\/wp\/v2\/posts\/11341\/revisions"}],"wp:featuredmedia":[{"embeddable":true,"href":"https:\/\/www.vivreaveclevih.org\/fr\/wp-json\/wp\/v2\/media\/11342"}],"wp:attachment":[{"href":"https:\/\/www.vivreaveclevih.org\/fr\/wp-json\/wp\/v2\/media?parent=11341"}],"wp:term":[{"taxonomy":"category","embeddable":true,"href":"https:\/\/www.vivreaveclevih.org\/fr\/wp-json\/wp\/v2\/categories?post=11341"},{"taxonomy":"post_tag","embeddable":true,"href":"https:\/\/www.vivreaveclevih.org\/fr\/wp-json\/wp\/v2\/tags?post=11341"}],"curies":[{"name":"wp","href":"https:\/\/api.w.org\/{rel}","templated":true}]}}