{"id":11384,"date":"2023-11-30T13:31:45","date_gmt":"2023-11-30T12:31:45","guid":{"rendered":"https:\/\/www.vivreaveclevih.org\/?p=11384"},"modified":"2023-12-11T11:33:04","modified_gmt":"2023-12-11T10:33:04","slug":"pour-lutter-contre-les-discriminations-changeons-les-regards-et-les-attitudes-negatives-envers-les-personnes-vivant-avec-le-vih","status":"publish","type":"post","link":"https:\/\/www.vivreaveclevih.org\/fr\/pour-lutter-contre-les-discriminations-changeons-les-regards-et-les-attitudes-negatives-envers-les-personnes-vivant-avec-le-vih\/","title":{"rendered":"Pour lutter contre les discriminations, changeons les regards et les attitudes n\u00e9gatives envers les personnes vivant avec le VIH"},"content":{"rendered":"","protected":false},"excerpt":{"rendered":"","protected":false},"author":4,"featured_media":11388,"comment_status":"closed","ping_status":"closed","sticky":false,"template":"","format":"standard","meta":{"_acf_changed":false,"footnotes":""},"categories":[15],"tags":[],"class_list":["post-11384","post","type-post","status-publish","format-standard","has-post-thumbnail","hentry","category-news"],"acf":{"sidebar":false,"contenu_flexible":[{"acf_fc_layout":"textfull","text":"<p><strong>Aujourd\u2019hui,<\/strong> l\u2019\u00e9volution scientifique et l\u2019<strong>am\u00e9lioration des <a href=\"https:\/\/www.vivreaveclevih.org\/fr\/traitement\/vih\/les-traitements-contre-le-vih\/\">traitements<\/a><\/strong> permettent aux personnes vivant avec le VIH d\u2019avoir une esp\u00e9rance de vie proche de celle de la population g\u00e9n\u00e9rale. De plus, une <strong>personne s\u00e9ropositive qui a une <a href=\"https:\/\/www.vivreaveclevih.org\/fr\/vih\/la-charge-virale-cest-quoi\/\">charge virale ind\u00e9tectable<\/a> gr\u00e2ce \u00e0 son traitement peut avoir des relations sexuelles avec son\u00b7sa partenaire sans <a href=\"https:\/\/www.vivreaveclevih.org\/fr\/protection\/le-preservatif\/\">pr\u00e9servatif<\/a>, sans aucun risque de transmettre le <a href=\"https:\/\/www.vivreaveclevih.org\/fr\/vih\/le-vih-cest-quoi\/\">VIH<\/a><\/strong>, quelles que soient les pratiques (rapports vaginaux, anaux, oraux). Elle peut \u00e9galement <strong><a href=\"https:\/\/www.vivreaveclevih.org\/fr\/protection\/proteger-son-enfant-durant-la-grossesse\/\">avoir des enfants<\/a> s\u00e9ron\u00e9gatifs et ce de mani\u00e8re naturelle<\/strong>\u00a0(sans assistance m\u00e9dicale).<\/p>\n","background_color":false},{"acf_fc_layout":"imagetext","image":11009,"text":"<p>Pourtant, les <a href=\"https:\/\/www.vivreaveclevih.org\/fr\/mes-droits\/victime-de-discrimination-que-faire\/\">stigmatisations et discriminations<\/a> li\u00e9es au VIH existent encore et constituent un obstacle majeur dans le parcours de vie des personnes avec le VIH : dans le domaine social, <a href=\"https:\/\/www.vivreaveclevih.org\/fr\/mes-droits\/mes-droits-en-matiere-de-sante\/\">m\u00e9dical<\/a>, professionnel, affectif ou sexuel. La \u00ab normalisation \u00bb de l\u2019infection \u00e0 VIH comme maladie chronique n\u2019est, malheureusement, qu\u2019une th\u00e9orie.<\/p>\n<p>Les stigmatisations naissent souvent d\u2019un manque d\u2019informations et d\u2019int\u00e9r\u00eat pour la maladie de la part du grand public, entra\u00eenant parfois une peur irrationnelle et des pr\u00e9jug\u00e9s. On retrouve ces peurs et pr\u00e9jug\u00e9s <strong>m\u00eame dans les secteurs o\u00f9 les personnes sont suppos\u00e9es \u00eatre le plus inform\u00e9es, comme le milieu m\u00e9dical<\/strong>. Ces stigmatisations peuvent s\u2019adresser de fa\u00e7on directe ou d\u00e9tourn\u00e9e \u00e0 travers des gestes et des attitudes inappropri\u00e9es qui impactent n\u00e9gativement la vie et la sant\u00e9 des personnes vivant avec le VIH, leur bien-\u00eatre et leur qualit\u00e9 de vie.<\/p>\n<p>De plus, certaines personnes vivant avec le VIH font l\u2019objet de discriminations multiples \u00e0 cause de leur origine, de leur sexe, de leur orientation sexuelle, de <a href=\"https:\/\/www.cool-and-safe.org\/fr\/sante-sexuelle-en-belgique\/vivre-avec-le-vih-en-belgique\/\">la couleur de leur peau<\/a>, etc.<\/p>\n","background_color":false,"link_image":""},{"acf_fc_layout":"text2cols","background_color":false,"title":"Mais au fait, c\u2019est quoi la stigmatisation et la discrimination ? ","col_left":"<p><strong>La stigmatisation, c\u2019est le fait de discr\u00e9diter un individu aux yeux des autres<\/strong>. La stigmatisation des personnes vivant avec le VIH concerne les croyances, attitudes et sentiments n\u00e9gatifs \u00e0 propos d\u2019elles (par exemple, penser que toutes les personnes vivant avec le VIH ont l\u2019air malade). La stigmatisation se manifeste par le langage, les actes ou l\u2019attitude, et se fonde en partie sur la peur des gens face aux cons\u00e9quences de l\u2019infection au VIH. <strong>C\u2019est cette stigmatisation qui conduira ensuite \u00e0 de la discrimination.<\/strong><\/p>\n","col_right":"<p><strong>La discrimination est le traitement injuste ou in\u00e9gal<\/strong> d\u2019une personne sur base de caract\u00e9ristiques personnelles<strong>.<\/strong><strong> La discrimination li\u00e9e au VIH consiste \u00e0 traiter injustement une personne parce qu&rsquo;elle a le VIH ou est soup\u00e7onn\u00e9e de l&rsquo;avoir. Un refus de soin n\u2019est par exemple pas de la discrimination s\u2019il se justifie par des raisons m\u00e9dicales.<\/strong><\/p>\n"},{"acf_fc_layout":"textfull","text":"<h2>Que faire pour lutter contre les stigmatisations et discriminations dont sont victimes les personnes vivant avec le VIH\u00a0?<\/h2>\n<p>Nous pouvons tous et toutes y contribuer par le changement de nos comportements et attitudes envers les personnes vivant avec le VIH. En faisant preuve de respect envers elles, car ce sont des gens comme tout le monde, d\u2019autant plus que si la personne a une charge virale ind\u00e9tectable il n\u2019y a pas \u00e0 craindre de contamination. Changer d\u2019attitude et de regard contribuera \u00e9galement \u00e0 mettre fin au VIH, car les personnes vivant avec le VIH auront moins peur d\u2019annoncer leur statut et les personnes s\u00e9ron\u00e9gatives iront plus facilement se faire d\u00e9pister sans crainte de rejet.<\/p>\n<p>La lutte contre les discriminations peut \u00e9galement passer par de l\u2019information sur les modes de transmission du VIH et sur la notion de i=i (ind\u00e9tectable = intransmissible).<\/p>\n<p>Les personnes vivant avec le VIH peuvent elles aussi jouer un r\u00f4le, en \u00e9vitant de s\u2019isoler et de s\u2019auto-discriminer par peur du rejet. Parfois, en effet, cette peur prend le dessus alors que la personne en face est bienveillante.<\/p>\n","background_color":false},{"acf_fc_layout":"imagefull","image":11410,"text":""},{"acf_fc_layout":"textimage","text":"<p>C\u2019est dans ce cadre de lutte contre les stigmatisations et discriminations envers les personnes vivant avec le VIH que la Plateforme Pr\u00e9vention Sida continue \u00e0 mener des campagnes autour du 1<sup>er<\/sup> d\u00e9cembre \u00ab Journ\u00e9e Mondiale de Lutte contre le VIH \u00bb, des campagnes diffus\u00e9es dans les m\u00e9dias et les r\u00e9seaux sociaux afin de toucher le grand public et de permettre aux personnes vivant avec le VIH de vivre avec respect et dignit\u00e9, ce qui contribuera consid\u00e9rablement \u00e0 am\u00e9liorer leur qualit\u00e9 de vie.<\/p>\n<p><a class=\"btn\" href=\"https:\/\/preventionsida.org\/fr\/espace-pro\/les-activites\/campagnes\/camp-discri\/\">D\u00e9couvrez nos campagnes<\/a><\/p>\n<p>Chaque ann\u00e9e, une conf\u00e9rence sur les stigmatisations et discriminations envers les personnes vivant avec le VIH est \u00e9galement organis\u00e9e pour sensibiliser les diff\u00e9rents secteurs qui pourraient \u00eatre concern\u00e9s. La conf\u00e9rence de l\u2019ann\u00e9e 2023 a eu pour th\u00e8me\u00a0: Comment mettre fin aux stigmatisations et discriminations dans le secteur m\u00e9dical\u00a0? \u00c0 cette occasion, le rapport d\u2019une enqu\u00eate comparative men\u00e9e dans 11 pays europ\u00e9ens sur la discrimination \u00e0 l&rsquo;encontre des personnes vivant avec le VIH dans les milieux de soins de sant\u00e9\u00a0a pu \u00eatre pr\u00e9sent\u00e9.<\/p>\n<p><a class=\"btn\" href=\"https:\/\/www.aidsactioneurope.org\/en\/publication\/discrimination-against-people-living-hiv-healthcare-settings\">r\u00e9sultats de l&rsquo;enqu\u00eate<\/a><\/p>\n","image":11007,"background_color":false,"link_image":""},{"acf_fc_layout":"textfull","text":"<p style=\"text-align: center;\"><strong>Bannissons l\u2019auto-stigmatisation en tant que personne vivant avec le VIH et luttons contre l\u2019isolement en allant vers les groupes de soutien, les professionnel\u00b7les de la sant\u00e9 et les personnes de confiance<\/strong>.<\/p>\n<p style=\"text-align: center;\"><strong>Manifestons notre solidarit\u00e9 envers les personnes vivant avec le VIH en portant le ruban rouge.<\/strong><\/p>\n<p style=\"text-align: center;\"><strong>Changeons les regards et les attitudes n\u00e9gatives envers les personnes vivant avec le VIH.<\/strong><\/p>\n","background_color":true},{"acf_fc_layout":"textfull","text":"<p>Vous trouverez toutes les informations et \u00e9v\u00e9nements en lien avec la lutte contre les stigmatisations et les discriminations envers les personnes vivant avec le VIH dans le cadre de la Journ\u00e9e Mondiale de Lutte contre le Sida 2023.<\/p>\n<ul>\n<li><a href=\"https:\/\/preventionsida.org\/fr\/le-bus-de-la-solidarite-debarque-pres-de-chez-toi\/\">Le passage du bus de la solidarit\u00e9 dans 5 villes<\/a><\/li>\n<li><a href=\"https:\/\/www.vivreaveclevih.org\/fr\/agenda\/after-work-cocktail-dinatoire-a-loccasion-de-la-journee-mondiale-de-lutte-contre-le-sida\/\">Cocktail d\u00eenatoire du 1<sup>er<\/sup> d\u00e9cembre (ouvert aux PVVIH)<\/a><\/li>\n<li><a href=\"https:\/\/www.cool-and-safe.org\/fr\/celebration-de-la-journee-mondiale-de-lutte-contre-le-sida\/\">Ev\u00e9nement \u00ab Les communaut\u00e9s se mobilisent le 2 d\u00e9cembre \u00bb<\/a><\/li>\n<\/ul>\n","background_color":false}]},"_links":{"self":[{"href":"https:\/\/www.vivreaveclevih.org\/fr\/wp-json\/wp\/v2\/posts\/11384","targetHints":{"allow":["GET"]}}],"collection":[{"href":"https:\/\/www.vivreaveclevih.org\/fr\/wp-json\/wp\/v2\/posts"}],"about":[{"href":"https:\/\/www.vivreaveclevih.org\/fr\/wp-json\/wp\/v2\/types\/post"}],"author":[{"embeddable":true,"href":"https:\/\/www.vivreaveclevih.org\/fr\/wp-json\/wp\/v2\/users\/4"}],"replies":[{"embeddable":true,"href":"https:\/\/www.vivreaveclevih.org\/fr\/wp-json\/wp\/v2\/comments?post=11384"}],"version-history":[{"count":8,"href":"https:\/\/www.vivreaveclevih.org\/fr\/wp-json\/wp\/v2\/posts\/11384\/revisions"}],"predecessor-version":[{"id":11411,"href":"https:\/\/www.vivreaveclevih.org\/fr\/wp-json\/wp\/v2\/posts\/11384\/revisions\/11411"}],"wp:featuredmedia":[{"embeddable":true,"href":"https:\/\/www.vivreaveclevih.org\/fr\/wp-json\/wp\/v2\/media\/11388"}],"wp:attachment":[{"href":"https:\/\/www.vivreaveclevih.org\/fr\/wp-json\/wp\/v2\/media?parent=11384"}],"wp:term":[{"taxonomy":"category","embeddable":true,"href":"https:\/\/www.vivreaveclevih.org\/fr\/wp-json\/wp\/v2\/categories?post=11384"},{"taxonomy":"post_tag","embeddable":true,"href":"https:\/\/www.vivreaveclevih.org\/fr\/wp-json\/wp\/v2\/tags?post=11384"}],"curies":[{"name":"wp","href":"https:\/\/api.w.org\/{rel}","templated":true}]}}