{"id":11422,"date":"2023-12-30T11:56:05","date_gmt":"2023-12-30T10:56:05","guid":{"rendered":"https:\/\/www.vivreaveclevih.org\/facebook-127\/"},"modified":"2023-12-30T11:56:05","modified_gmt":"2023-12-30T10:56:05","slug":"facebook-127","status":"publish","type":"post","link":"https:\/\/www.vivreaveclevih.org\/fr\/facebook-127\/","title":{"rendered":"Facebook"},"content":{"rendered":"<p>Aujourd\u2019hui, l\u2019\u00e9volution scientifique et l\u2019am\u00e9lioration des traitements permettent aux personnes vivant avec le VIH qui ont une charge virale ind\u00e9tectable gr\u00e2ce \u00e0 leur traitement d&rsquo;avoir des relations sexuelles avec leurs partenaires sans pr\u00e9servatif, sans aucun risque de transmettre le VIH, quelles que soient les pratiques (rapports vaginaux, anaux, oraux). Pourtant, les stigmatisations et discriminations li\u00e9es au VIH existent encore et constituent un obstacle majeur dans le parcours de vie des personnes avec le VIH. La \u00ab normalisation \u00bb de l\u2019infection \u00e0 VIH comme maladie chronique n\u2019est, malheureusement, qu\u2019une th\u00e9orie.<br \/>\nQue peut-on faire pour changer les mentalit\u00e9s ? \ud83e\udd14<br \/>\n\ud83d\udc49<a href=\"https:\/\/www.vivreaveclevih.org\/fr\/pour-lutter-contre-les-discriminations-changeons-les-regards-et-les-attitudes-negatives-envers-les-personnes-vivant-avec-le-vih\/\" target=\"_blank\" rel=\"noopener\">https:\/\/www.vivreaveclevih.org\/fr\/pour-lutter-contre-les-discriminations-changeons-les-regards-et-les-attitudes-negatives-envers-les-personnes-vivant-avec-le-vih\/<\/a><\/p>\n","protected":false},"excerpt":{"rendered":"<p>Aujourd\u2019hui, l\u2019\u00e9volution scientifique et l\u2019am\u00e9lioration des traitements permettent aux personnes vivant avec le VIH qui ont une charge virale ind\u00e9tectable [&hellip;]<\/p>\n","protected":false},"author":1,"featured_media":11423,"comment_status":"closed","ping_status":"closed","sticky":false,"template":"","format":"standard","meta":{"_acf_changed":false,"footnotes":""},"categories":[13],"tags":[],"class_list":["post-11422","post","type-post","status-publish","format-standard","has-post-thumbnail","hentry","category-facebook"],"acf":{"contenu_flexible":null,"sidebar":null},"_links":{"self":[{"href":"https:\/\/www.vivreaveclevih.org\/fr\/wp-json\/wp\/v2\/posts\/11422","targetHints":{"allow":["GET"]}}],"collection":[{"href":"https:\/\/www.vivreaveclevih.org\/fr\/wp-json\/wp\/v2\/posts"}],"about":[{"href":"https:\/\/www.vivreaveclevih.org\/fr\/wp-json\/wp\/v2\/types\/post"}],"author":[{"embeddable":true,"href":"https:\/\/www.vivreaveclevih.org\/fr\/wp-json\/wp\/v2\/users\/1"}],"replies":[{"embeddable":true,"href":"https:\/\/www.vivreaveclevih.org\/fr\/wp-json\/wp\/v2\/comments?post=11422"}],"version-history":[{"count":0,"href":"https:\/\/www.vivreaveclevih.org\/fr\/wp-json\/wp\/v2\/posts\/11422\/revisions"}],"wp:featuredmedia":[{"embeddable":true,"href":"https:\/\/www.vivreaveclevih.org\/fr\/wp-json\/wp\/v2\/media\/11423"}],"wp:attachment":[{"href":"https:\/\/www.vivreaveclevih.org\/fr\/wp-json\/wp\/v2\/media?parent=11422"}],"wp:term":[{"taxonomy":"category","embeddable":true,"href":"https:\/\/www.vivreaveclevih.org\/fr\/wp-json\/wp\/v2\/categories?post=11422"},{"taxonomy":"post_tag","embeddable":true,"href":"https:\/\/www.vivreaveclevih.org\/fr\/wp-json\/wp\/v2\/tags?post=11422"}],"curies":[{"name":"wp","href":"https:\/\/api.w.org\/{rel}","templated":true}]}}