{"id":11495,"date":"2024-02-19T10:13:58","date_gmt":"2024-02-19T09:13:58","guid":{"rendered":"https:\/\/www.vivreaveclevih.org\/?p=11495"},"modified":"2024-02-23T14:38:23","modified_gmt":"2024-02-23T13:38:23","slug":"non-au-virus-de-la-discrimination-et-de-la-stigmatisation-dans-le-milieu-medical","status":"publish","type":"post","link":"https:\/\/www.vivreaveclevih.org\/fr\/non-au-virus-de-la-discrimination-et-de-la-stigmatisation-dans-le-milieu-medical\/","title":{"rendered":"Non au virus de la discrimination et de la stigmatisation dans le milieu m\u00e9dical"},"content":{"rendered":"","protected":false},"excerpt":{"rendered":"","protected":false},"author":4,"featured_media":11511,"comment_status":"closed","ping_status":"closed","sticky":false,"template":"","format":"standard","meta":{"_acf_changed":false,"footnotes":""},"categories":[15],"tags":[],"class_list":["post-11495","post","type-post","status-publish","format-standard","has-post-thumbnail","hentry","category-news"],"acf":{"sidebar":false,"contenu_flexible":[{"acf_fc_layout":"imagetext","image":11501,"text":"<h2>Constat<\/h2>\n<p>Nous, personnes vivant avec le VIH (PVVIH), souhaitons, \u00e0 travers ce texte, attirer l\u2019attention de tou\u00b7tes les professionnel\u00b7les de la sant\u00e9 sur <strong>l\u2019impact n\u00e9faste de la discrimination et de la stigmatisation sur notre sant\u00e9 et notre qualit\u00e9 de vie<\/strong>.<\/p>\n<p>Bien que le milieu m\u00e9dical soit le lieu central de soins, d\u2019informations sur la vie avec le VIH et que la confidentialit\u00e9 est de mise, <strong>on y trouve malgr\u00e9 tout des comportements stigmatisants et discriminatoires de la part de certain\u00b7es professionnel\u00b7les de la sant\u00e9<\/strong>.<\/p>\n<p>Selon une enqu\u00eate de 2020* r\u00e9alis\u00e9e dans 11 pays europ\u00e9ens sur la discrimination \u00e0 l\u2019encontre des PVVIH dans le milieu m\u00e9dical, il n&rsquo;est pas rare que les PVVIH soient confront\u00e9es \u00e0 des formes de comportements discriminatoires. Dans l&rsquo;ensemble, la forme de discrimination la plus couramment signal\u00e9e est le refus de soins (33,6% d\u2019occurrence dans les cabinets dentaires fran\u00e7ais dont 78% sont le fait du secr\u00e9tariat au moment de la prise de contact), suivie de la prestation de soins \u00e0 la fin des heures de consultation. D&rsquo;autres formes de comportements stigmatisants signal\u00e9s, qui ne constituent pas une forme de discrimination, comprennent des questions inappropri\u00e9es, une attitude n\u00e9gative ou de jugement, l&rsquo;\u00e9vitement des contacts physiques et l&rsquo;adoption de mesures d&rsquo;hygi\u00e8ne excessives (6% des r\u00e9pondant\u00b7es kirghizes ont rencontr\u00e9 cette forme de stigmatisation aupr\u00e8s d\u2019infirmier\u00b7\u00e8re dans des services non sp\u00e9cialis\u00e9s pour le VIH, et 10,3% dans des services sp\u00e9cialis\u00e9s pour le VIH). La source de ces probl\u00e8mes r\u00e9side g\u00e9n\u00e9ralement dans le manque de connaissances concernant le VIH\/SIDA parmi les professionnel\u00b7les de la sant\u00e9.<\/p>\n<p>Les atteintes \u00e0 la confidentialit\u00e9 ont \u00e9galement \u00e9t\u00e9 fr\u00e9quemment signal\u00e9es parmi les mauvaises pratiques (28% des r\u00e9pondant\u00b7es allemands ont signal\u00e9s que la mention VIH avait \u00e9t\u00e9 marqu\u00e9e de fa\u00e7on visible sur leur dossier m\u00e9dicale au cours de l\u2019ann\u00e9e \u00e9coul\u00e9e) et les soins dentaires ont \u00e9t\u00e9 marqu\u00e9s comme \u00e9tant les plus probl\u00e9matiques (42,5% des r\u00e9pondant\u00b7es tch\u00e8ques sont concern\u00e9\u00b7es).<\/p>\n<p>Pourtant, aujourd\u2019hui, une PVVIH qui suit son traitement et a une charge virale ind\u00e9tectable ne transmet plus le virus, la discrimination et la stigmatisation n\u2019ont donc pas lieu d\u2019\u00eatre. C\u2019est ce qu\u2019on appelle i=i (ind\u00e9tectable = intransmissible). De plus, en Belgique, la loi interdit les diff\u00e9rentes formes de discrimination fond\u00e9es sur l\u2019\u00e9tat de sant\u00e9 actuel ou futur d\u2019une personne, sur les crit\u00e8res raciaux, l\u2019orientation sexuelle, le genre, etc.<\/p>\n<p>D\u2019autres subissent encore des discriminations institutionnelles et se retrouvent dans des situations sociales et \u00e9conomiques pr\u00e9caires li\u00e9es \u00e0 leur situation de non droit, sans s\u00e9jour, sans logement, qui peuvent impacter leur sant\u00e9.<\/p>\n<p>*Discrimination against people living with HIV with healthcare settings, a comparative 11-country report (AIDS ACTION EUROPE, Juillet 2022)<\/p>\n","background_color":false,"link_image":""},{"acf_fc_layout":"text2cols","background_color":false,"title":"La stigmatisation et la discrimination, c\u2019est quoi ?","col_left":"<p><strong>La stigmatisation<\/strong> li\u00e9e au VIH fait r\u00e9f\u00e9rence aux croyances, sentiments et attitudes n\u00e9gatifs \u00e0 l&rsquo;\u00e9gard des PVVIH et des autres populations cl\u00e9s \u00e0 risque plus \u00e9lev\u00e9 d&rsquo;infection par le VIH (par exemple, les travailleur\u00b7euses du sexe ou les hommes ayant des rapports sexuels avec des hommes). C&rsquo;est le pr\u00e9jug\u00e9 qui accompagne l&rsquo;\u00e9tiquetage d&rsquo;un individu comme faisant partie de la communaut\u00e9 s\u00e9ropositive.<\/p>\n","col_right":"<p><strong>La discrimination<\/strong> li\u00e9e au VIH fait r\u00e9f\u00e9rence au traitement in\u00e9quitable et injuste d&rsquo;un individu sur la base de son statut s\u00e9rologique r\u00e9el ou suppos\u00e9. La discrimination li\u00e9e au VIH est g\u00e9n\u00e9ralement fond\u00e9e sur des attitudes et des croyances stigmatisantes. La stigmatisation fait r\u00e9f\u00e9rence \u00e0 des croyances et des attitudes internes propres \u00e0 la personne, alors que la discrimination se manifeste dans le comportement de cette personne.<\/p>\n"},{"acf_fc_layout":"textfull","text":"<blockquote><p>\u00ab\u00a0Je suis all\u00e9e chez une jeune m\u00e9decin qui m\u2019a demand\u00e9 quels m\u00e9dicaments je prenais. Quand je lui ai dit, elle s\u2019est exclam\u00e9e\u00a0: \u00ab\u00a0Ah\u00a0! vous avez le SIDA\u00a0!\u00a0\u00bb Non, je n\u2019ai pas le sida\u00a0! Elle \u00e9tait h\u00e9sitante pendant l\u2019examen m\u00e9dical. \u00c7a m\u2019a \u00e9nerv\u00e9 et j\u2019ai pr\u00e9f\u00e9r\u00e9 changer de m\u00e9decin.\u00a0\u00bb<\/p><\/blockquote>\n<p>&nbsp;<\/p>\n<blockquote><p>\u00ab\u00a0Lors d\u2019un scanner, les professionnel\u00b7les me touchaient \u00e0 peine, comme si j\u2019\u00e9tais sale ou qu\u2019ils\u00b7elles avaient peur d\u2019\u00eatre contamin\u00e9\u00b7es.\u00a0\u00bb<\/p><\/blockquote>\n<p>&nbsp;<\/p>\n","background_color":false},{"acf_fc_layout":"imagetext","image":11507,"text":"<h2>Les cons\u00e9quences de la discrimination et de la stigmatisation<\/h2>\n<p>La discrimination et la stigmatisation suscitent des sentiments de rejet, d\u2019injustice, de col\u00e8re et de d\u00e9couragement, <strong>entra\u00eenant \u00e0 leur tour des effets sur la sant\u00e9 de la personne.<\/strong> Ces sentiments sont intensifi\u00e9s par le fait que cette discrimination et cette stigmatisation proviennent des personnes suppos\u00e9es nous accompagner et nous soigner.<\/p>\n<p>Discrimin\u00e9\u00b7es ou stigmatis\u00e9\u00b7es, certain\u00b7es patient\u00b7es perdent pied, abandonnent leur traitement et ne consultent plus. La m\u00e9fiance envers le milieu m\u00e9dical s\u2019installe, poussant certain\u00b7es \u00e0 ne pas r\u00e9v\u00e9ler leur s\u00e9ropositivit\u00e9, \u00e0 mentir ou \u00e0 retenir des informations sur leur sant\u00e9 pouvant mener \u00e0 de mauvais diagnostics et donc \u00e0 de mauvais soins.<\/p>\n<p><strong>Il en r\u00e9sulte \u00e9galement des cons\u00e9quences psychologiques importantes qui vont du repli sur soi \u00e0 la d\u00e9pression et l\u2019auto-exclusion.<\/strong><\/p>\n","background_color":false,"link_image":""},{"acf_fc_layout":"textfull","text":"<blockquote><p>\u00ab\u00a0Ces comportements ne sont pas humains, c\u2019est choquant, frustrant, \u00e7a me met en col\u00e8re. Comme si j\u2019\u00e9tais un extraterrestre qu\u2019il fallait \u00e9liminer. Leur r\u00f4le c\u2019est de sauver les gens\u00a0! \u00c7a me casse tout ce que j\u2019ai construit pour accepter ma maladie. Est-ce seulement moi ou ces gens se comportent-ils comme \u00e7a avec les autres\u00a0? Serais-je oblig\u00e9e de changer de prestataire de soin quand c\u2019est comme \u00e7a\u00a0?\u00a0\u00bb<\/p><\/blockquote>\n<p>&nbsp;<\/p>\n<blockquote><p>\u00ab\u00a0Jusqu\u2019\u00e0 aujourd\u2019hui \u00e0 chaque fois que je vois un\u00b7e nouveau\u00b7elle prestataire de soin j\u2019ai peur, je ne me sens pas bien. Il suffit de recevoir des commentaires d\u00e9sobligeants une fois pour que \u00e7a bloque sur le long terme.\u00a0\u00bb<\/p><\/blockquote>\n<p>&nbsp;<\/p>\n<blockquote><p>\u00ab\u00a0Je ne me sens pas comme un humain. Je me juge moi-m\u00eame, je me condamne, au point que j\u2019h\u00e9site \u00e0 aller \u00e0 des rendez-vous ou que je les reporte.\u00a0\u00bb<\/p><\/blockquote>\n<p>&nbsp;<\/p>\n<blockquote><p>\u00ab\u00a0A toute personne qui n\u2019est pas infectiologue, j\u2019explique ma maladie, car je me rends compte que beaucoup ne sont pas inform\u00e9\u00b7es.\u00a0\u00bb<\/p><\/blockquote>\n","background_color":false},{"acf_fc_layout":"doubleblock","content_block_left":"<h2>Messages des PVVIH<\/h2>\n<p><strong>Aux professionnel\u00b7les du milieu m\u00e9dical\u00a0:<\/strong><\/p>\n<ul>\n<li>Appliquez les mesures de pr\u00e9cautions universelles sans distinction, car certaines personnes ne savent pas qu\u2019elles sont infect\u00e9es et vous pourriez transmettre le virus \u00e0 d\u2019autres patient\u00b7es.<\/li>\n<li>Soyez sans crainte face \u00e0 une personne qui vous annonce son statut s\u00e9rologique. Elle prend un traitement et ne peut plus transmettre le virus. Vous l\u2019annoncer est une preuve de responsabilit\u00e9 et de confiance de sa part.<\/li>\n<li>Renouvelez vos connaissances sur le VIH afin de suivre l\u2019\u00e9volution de la science, formez-vous au counseling et \u00e0 l\u2019annonce de la s\u00e9ropositivit\u00e9.<\/li>\n<li>Acceptez-nous sans jugement dans nos sp\u00e9cificit\u00e9s m\u00e9dicales et dans nos diff\u00e9rences (orientation sexuelle, origine, genre, statut de s\u00e9jour, etc.).<\/li>\n<li>Vos attitudes stigmatisantes, vos protections excessives, ne font que nous mettre mal \u00e0 l&rsquo;aise, d\u00e9t\u00e9riorent notre relation et notre confiance envers vous et affectent notre sant\u00e9 mentale.<\/li>\n<\/ul>\n","background_color_left":false,"content_block_right":"<p><strong>Aux PVVIH\u00a0:<\/strong><\/p>\n<ul>\n<li>Faisons valoir nos droits et refusons toute forme de stigmatisation et de discrimination.<\/li>\n<li>\u00c9vitons l\u2019auto-exclusion et l\u2019isolement qui peuvent avoir des effets n\u00e9fastes sur notre sant\u00e9 physique et mentale, trouvons une personne de confiance pour ne pas porter seul\u00b7e le fardeau.<\/li>\n<li>Optons pour la non-violence face aux remarques et attitudes d\u00e9sobligeantes par rapport \u00e0 notre sant\u00e9.<\/li>\n<li>Rejoignons un groupe de pair\u00b7es pour nous soutenir et nous renforcer mutuellement, osons demander de l\u2019aide.<\/li>\n<li>Ayons le courage de signaler les discriminations et de porter plaintes.<\/li>\n<\/ul>\n","background_color_right":false},{"acf_fc_layout":"textfull","text":"<p>\u00ab\u00a0Je prends l\u2019engagement solennel d\u2019\u0153uvrer toujours de mon mieux pour une m\u00e9decine de qualit\u00e9, au service des personnes et de la soci\u00e9t\u00e9. [\u2026]<\/p>\n<p>Je ne permettrai pas que des consid\u00e9rations d\u2019\u00e2ge, de maladie ou de handicap, des convictions philosophiques, des consid\u00e9rations d\u2019origine ethnique, de genre, de nationalit\u00e9, d\u2019affiliation politique, de race, d\u2019orientation sexuelle, de statut social ou tout autre facteur s\u2019interposent entre mon devoir et mon patient. [\u2026]<\/p>\n<p>J\u2019actualiserai et partagerai mes connaissances m\u00e9dicales au b\u00e9n\u00e9fice du patient, ne d\u00e9passerai pas les limites de mes comp\u00e9tences et contribuerai autant que possible aux progr\u00e8s de la m\u00e9decine.\u00a0\u00bb (extrait du Serment du Conseil national de l\u2019Ordre des m\u00e9decins de Belgique (version novembre 2021))<\/p>\n","background_color":true}]},"_links":{"self":[{"href":"https:\/\/www.vivreaveclevih.org\/fr\/wp-json\/wp\/v2\/posts\/11495","targetHints":{"allow":["GET"]}}],"collection":[{"href":"https:\/\/www.vivreaveclevih.org\/fr\/wp-json\/wp\/v2\/posts"}],"about":[{"href":"https:\/\/www.vivreaveclevih.org\/fr\/wp-json\/wp\/v2\/types\/post"}],"author":[{"embeddable":true,"href":"https:\/\/www.vivreaveclevih.org\/fr\/wp-json\/wp\/v2\/users\/4"}],"replies":[{"embeddable":true,"href":"https:\/\/www.vivreaveclevih.org\/fr\/wp-json\/wp\/v2\/comments?post=11495"}],"version-history":[{"count":10,"href":"https:\/\/www.vivreaveclevih.org\/fr\/wp-json\/wp\/v2\/posts\/11495\/revisions"}],"predecessor-version":[{"id":11510,"href":"https:\/\/www.vivreaveclevih.org\/fr\/wp-json\/wp\/v2\/posts\/11495\/revisions\/11510"}],"wp:featuredmedia":[{"embeddable":true,"href":"https:\/\/www.vivreaveclevih.org\/fr\/wp-json\/wp\/v2\/media\/11511"}],"wp:attachment":[{"href":"https:\/\/www.vivreaveclevih.org\/fr\/wp-json\/wp\/v2\/media?parent=11495"}],"wp:term":[{"taxonomy":"category","embeddable":true,"href":"https:\/\/www.vivreaveclevih.org\/fr\/wp-json\/wp\/v2\/categories?post=11495"},{"taxonomy":"post_tag","embeddable":true,"href":"https:\/\/www.vivreaveclevih.org\/fr\/wp-json\/wp\/v2\/tags?post=11495"}],"curies":[{"name":"wp","href":"https:\/\/api.w.org\/{rel}","templated":true}]}}