{"id":11660,"date":"2024-08-12T08:16:14","date_gmt":"2024-08-12T06:16:14","guid":{"rendered":"https:\/\/www.vivreaveclevih.org\/facebook-156\/"},"modified":"2024-08-12T08:16:14","modified_gmt":"2024-08-12T06:16:14","slug":"facebook-156","status":"publish","type":"post","link":"https:\/\/www.vivreaveclevih.org\/fr\/facebook-156\/","title":{"rendered":"Facebook"},"content":{"rendered":"<p>Pourquoi participer \u00e0 la Journ\u00e9e Nationale Sant\u00e9 positive VIH ?<br \/>\nLa r\u00e9ponse en vid\u00e9o !<br \/>\nRetrouvez le programme complet ici \ud83d\udc49<a href=\"https:\/\/www.vivreaveclevih.org\/fr\/agenda\/journee-nationale-sante-positive-vih-2\/\" target=\"_blank\" rel=\"noopener\">https:\/\/www.vivreaveclevih.org\/fr\/agenda\/journee-nationale-sante-positive-vih-2\/<\/a><\/p>\n","protected":false},"excerpt":{"rendered":"<p>Pourquoi participer \u00e0 la Journ\u00e9e Nationale Sant\u00e9 positive VIH ? La r\u00e9ponse en vid\u00e9o ! Retrouvez le programme complet ici [&hellip;]<\/p>\n","protected":false},"author":1,"featured_media":0,"comment_status":"closed","ping_status":"closed","sticky":false,"template":"","format":"standard","meta":{"_acf_changed":false,"footnotes":""},"categories":[13],"tags":[],"class_list":["post-11660","post","type-post","status-publish","format-standard","hentry","category-facebook"],"acf":{"contenu_flexible":null,"sidebar":null},"_links":{"self":[{"href":"https:\/\/www.vivreaveclevih.org\/fr\/wp-json\/wp\/v2\/posts\/11660","targetHints":{"allow":["GET"]}}],"collection":[{"href":"https:\/\/www.vivreaveclevih.org\/fr\/wp-json\/wp\/v2\/posts"}],"about":[{"href":"https:\/\/www.vivreaveclevih.org\/fr\/wp-json\/wp\/v2\/types\/post"}],"author":[{"embeddable":true,"href":"https:\/\/www.vivreaveclevih.org\/fr\/wp-json\/wp\/v2\/users\/1"}],"replies":[{"embeddable":true,"href":"https:\/\/www.vivreaveclevih.org\/fr\/wp-json\/wp\/v2\/comments?post=11660"}],"version-history":[{"count":0,"href":"https:\/\/www.vivreaveclevih.org\/fr\/wp-json\/wp\/v2\/posts\/11660\/revisions"}],"wp:attachment":[{"href":"https:\/\/www.vivreaveclevih.org\/fr\/wp-json\/wp\/v2\/media?parent=11660"}],"wp:term":[{"taxonomy":"category","embeddable":true,"href":"https:\/\/www.vivreaveclevih.org\/fr\/wp-json\/wp\/v2\/categories?post=11660"},{"taxonomy":"post_tag","embeddable":true,"href":"https:\/\/www.vivreaveclevih.org\/fr\/wp-json\/wp\/v2\/tags?post=11660"}],"curies":[{"name":"wp","href":"https:\/\/api.w.org\/{rel}","templated":true}]}}