{"id":11787,"date":"2024-11-13T13:10:26","date_gmt":"2024-11-13T12:10:26","guid":{"rendered":"https:\/\/www.vivreaveclevih.org\/facebook-168\/"},"modified":"2024-11-13T13:10:26","modified_gmt":"2024-11-13T12:10:26","slug":"facebook-168","status":"publish","type":"post","link":"https:\/\/www.vivreaveclevih.org\/fr\/facebook-168\/","title":{"rendered":"Facebook"},"content":{"rendered":"<p>Rassemblons-nous pour lutter ensemble contre la s\u00e9rophobie \u270a.<br \/>\nLe 7 d\u00e9cembre, nous donnons la parole aux personnes vivant avec le VIH via un panel de discussion autour de la visibilit\u00e9 des personnes vivant avec le VIH et du v\u00e9cu de la s\u00e9rophobie. Notre troisi\u00e8me invit\u00e9 sera @nino_uncut, chanteur et auteur-compositeur belge !<br \/>\nPour en savoir plus sur l&rsquo;\u00e9v\u00e9nement et vous inscrire, c&rsquo;est par ici \ud83d\udc49<a href=\"https:\/\/www.vivreaveclevih.org\/...\/matinee-detude-sante...\/\" target=\"_blank\" rel=\"noopener\">https:\/\/www.vivreaveclevih.org\/&#8230;\/matinee-detude-sante&#8230;\/<\/a><br \/>\n<a href=\"https:\/\/www.facebook.com\/hashtag\/worldaidsday2024\" target=\"_blank\" rel=\"noopener\">#worldaidsday2024<\/a> <a href=\"https:\/\/www.facebook.com\/hashtag\/Journ\" target=\"_blank\" rel=\"noopener\">#Journ<\/a>\u00e9eMondialeduSida<\/p>\n","protected":false},"excerpt":{"rendered":"<p>Rassemblons-nous pour lutter ensemble contre la s\u00e9rophobie \u270a. Le 7 d\u00e9cembre, nous donnons la parole aux personnes vivant avec le [&hellip;]<\/p>\n","protected":false},"author":1,"featured_media":11788,"comment_status":"closed","ping_status":"closed","sticky":false,"template":"","format":"standard","meta":{"_acf_changed":false,"footnotes":""},"categories":[13],"tags":[],"class_list":["post-11787","post","type-post","status-publish","format-standard","has-post-thumbnail","hentry","category-facebook"],"acf":{"contenu_flexible":null,"sidebar":null},"_links":{"self":[{"href":"https:\/\/www.vivreaveclevih.org\/fr\/wp-json\/wp\/v2\/posts\/11787","targetHints":{"allow":["GET"]}}],"collection":[{"href":"https:\/\/www.vivreaveclevih.org\/fr\/wp-json\/wp\/v2\/posts"}],"about":[{"href":"https:\/\/www.vivreaveclevih.org\/fr\/wp-json\/wp\/v2\/types\/post"}],"author":[{"embeddable":true,"href":"https:\/\/www.vivreaveclevih.org\/fr\/wp-json\/wp\/v2\/users\/1"}],"replies":[{"embeddable":true,"href":"https:\/\/www.vivreaveclevih.org\/fr\/wp-json\/wp\/v2\/comments?post=11787"}],"version-history":[{"count":0,"href":"https:\/\/www.vivreaveclevih.org\/fr\/wp-json\/wp\/v2\/posts\/11787\/revisions"}],"wp:featuredmedia":[{"embeddable":true,"href":"https:\/\/www.vivreaveclevih.org\/fr\/wp-json\/wp\/v2\/media\/11788"}],"wp:attachment":[{"href":"https:\/\/www.vivreaveclevih.org\/fr\/wp-json\/wp\/v2\/media?parent=11787"}],"wp:term":[{"taxonomy":"category","embeddable":true,"href":"https:\/\/www.vivreaveclevih.org\/fr\/wp-json\/wp\/v2\/categories?post=11787"},{"taxonomy":"post_tag","embeddable":true,"href":"https:\/\/www.vivreaveclevih.org\/fr\/wp-json\/wp\/v2\/tags?post=11787"}],"curies":[{"name":"wp","href":"https:\/\/api.w.org\/{rel}","templated":true}]}}