{"id":12042,"date":"2025-07-03T13:51:51","date_gmt":"2025-07-03T11:51:51","guid":{"rendered":"https:\/\/www.vivreaveclevih.org\/facebook-184\/"},"modified":"2025-07-03T13:51:51","modified_gmt":"2025-07-03T11:51:51","slug":"facebook-184","status":"publish","type":"post","link":"https:\/\/www.vivreaveclevih.org\/fr\/facebook-184\/","title":{"rendered":"Facebook"},"content":{"rendered":"<p>Nutrition et qualit\u00e9 de vie chez les personnes vivant avec le VIH : L\u2019\u00e9volution des traitements a permis d\u2019am\u00e9liorer la qualit\u00e9 de vie des personnes vivant avec le VIH, mais a \u00e9galement entra\u00een\u00e9 l\u2019apparition de nouveaux d\u00e9fis m\u00e9taboliques qui n\u00e9cessitent une prise en charge adapt\u00e9e et personnalis\u00e9e.<br \/>\nDans cet article, nous vous donnons des pistes concr\u00e8tes pour une alimentation saine et \u00e9quilibr\u00e9e \ud83d\udc49 <a href=\"https:\/\/www.vivreaveclevih.org\/fr\/nutrition-et-qualite-de-vie-chez-les-personnes-vivant-avec-le-vih\/\" target=\"_blank\">https:\/\/www.vivreaveclevih.org\/fr\/nutrition-et-qualite-de-vie-chez-les-personnes-vivant-avec-le-vih\/<\/a><br \/>\nInfos donn\u00e9es par PEVEE Marie-Laure, di\u00e9t\u00e9ticienne au CHU de Li\u00e8ge.<\/p>\n","protected":false},"excerpt":{"rendered":"<p>Nutrition et qualit\u00e9 de vie chez les personnes vivant avec le VIH : L\u2019\u00e9volution des traitements a permis d\u2019am\u00e9liorer la [&hellip;]<\/p>\n","protected":false},"author":1,"featured_media":0,"comment_status":"closed","ping_status":"closed","sticky":false,"template":"","format":"standard","meta":{"_acf_changed":false,"footnotes":""},"categories":[13],"tags":[],"class_list":["post-12042","post","type-post","status-publish","format-standard","hentry","category-facebook"],"acf":{"contenu_flexible":null,"sidebar":null},"_links":{"self":[{"href":"https:\/\/www.vivreaveclevih.org\/fr\/wp-json\/wp\/v2\/posts\/12042","targetHints":{"allow":["GET"]}}],"collection":[{"href":"https:\/\/www.vivreaveclevih.org\/fr\/wp-json\/wp\/v2\/posts"}],"about":[{"href":"https:\/\/www.vivreaveclevih.org\/fr\/wp-json\/wp\/v2\/types\/post"}],"author":[{"embeddable":true,"href":"https:\/\/www.vivreaveclevih.org\/fr\/wp-json\/wp\/v2\/users\/1"}],"replies":[{"embeddable":true,"href":"https:\/\/www.vivreaveclevih.org\/fr\/wp-json\/wp\/v2\/comments?post=12042"}],"version-history":[{"count":0,"href":"https:\/\/www.vivreaveclevih.org\/fr\/wp-json\/wp\/v2\/posts\/12042\/revisions"}],"wp:attachment":[{"href":"https:\/\/www.vivreaveclevih.org\/fr\/wp-json\/wp\/v2\/media?parent=12042"}],"wp:term":[{"taxonomy":"category","embeddable":true,"href":"https:\/\/www.vivreaveclevih.org\/fr\/wp-json\/wp\/v2\/categories?post=12042"},{"taxonomy":"post_tag","embeddable":true,"href":"https:\/\/www.vivreaveclevih.org\/fr\/wp-json\/wp\/v2\/tags?post=12042"}],"curies":[{"name":"wp","href":"https:\/\/api.w.org\/{rel}","templated":true}]}}