{"id":12119,"date":"2025-11-24T12:15:51","date_gmt":"2025-11-24T11:15:51","guid":{"rendered":"https:\/\/www.vivreaveclevih.org\/facebook-188\/"},"modified":"2025-11-24T12:15:51","modified_gmt":"2025-11-24T11:15:51","slug":"facebook-188","status":"publish","type":"post","link":"https:\/\/www.vivreaveclevih.org\/fr\/facebook-188\/","title":{"rendered":"Facebook"},"content":{"rendered":"<p>\ud83d\udcc6 Enqu\u00eate sur les discriminations envers les personnes vivant avec le VIH dans le milieu m\u00e9dical | PR\u00c9SENTATION DES R\u00c9SULTATS \ud83d\udcca<\/p>\n<p>\u203c\ufe0f Malgr\u00e9 les avanc\u00e9es m\u00e9dicales et les campagnes de sensibilisation, l\u2019acc\u00e8s aux soins de sant\u00e9 pour les personnes vivant avec le VIH (PVVIH) reste marqu\u00e9 par des discriminations et des stigmatisations persistantes dans le domaine des soins dentaires et gyn\u00e9cologiques. La Plateforme Pr\u00e9vention Sida (PPS) en collaboration avec l\u2019Observatoire du sida et des sexualit\u00e9s de l\u2019Universit\u00e9 Libre de Bruxelles, a r\u00e9alis\u00e9 une enqu\u00eate en 2024 afin de rendre compte de cette r\u00e9alit\u00e9. Durant cette enqu\u00eate, les \u00e9quipes ont \u00e9t\u00e9 t\u00e9moins de comportements discriminatoires tels que le refus de soin et la reprogrammation des rendez-vous en fin de journ\u00e9e, en particulier chez les dentistes, alors qu\u2019il\u00b7elles sont tenu\u00b7es d\u2019appliquer les pr\u00e9cautions universelles pour tou\u00b7tes, ainsi que de respecter la loi belge sur la non-discrimination.<\/p>\n<p>\ud83d\udc49\ud83c\udffe Afin de vous pr\u00e9senter les donn\u00e9es cl\u00e9s de cette enqu\u00eate, la PPS et l\u2019Observatoire vous invitent \u00e0 une demi-journ\u00e9e de pr\u00e9sentation et de r\u00e9flexion sur l\u2019am\u00e9lioration de l\u2019acc\u00e8s aux soins des PVVIH en Belgique et la r\u00e9duction des pratiques discriminatoires.<\/p>\n<p>\u231b\ufe0f Quand ? Le vendredi 5 d\u00e9cembre, de 12h \u00e0 15h.<\/p>\n<p>\ud83d\udccdO\u00f9 ? Universit\u00e9 Libre de Bruxelles \u2013 (Auditoire Am\u00e9lie Hama\u00efde DC2.223) B\u00e2timent D, 30 Avenue Antoine Depage, 1050 Bruxelles<\/p>\n<p>\ud83e\udef5 Qui ? les professionnel\u00b7les du secteur VIH\/Sida ; les dentistes et leurs repr\u00e9sentant\u00b7es ; les personnes vivant avec le VIH.<\/p>\n<p>\u2139\ufe0f Infos et inscriptions aupr\u00e8s de c.delhove@preventionsida.org ou par t\u00e9l\u00e9phone au 02.733.72.99<\/p>\n<p>\u271a Un petit repas vous sera offert durant la pause.<\/p>\n<p>Toutes les infos sont aussi disponibles par ici :<br \/>\n<a href=\"https:\/\/www.vivreaveclevih.org\/fr\/agenda\/matinee-detude-sante-mentale-et-vih\" target=\"_blank\">https:\/\/www.vivreaveclevih.org\/fr\/agenda\/matinee-detude-sante-mentale-et-vih<\/a><\/p>\n","protected":false},"excerpt":{"rendered":"<p>\ud83d\udcc6 Enqu\u00eate sur les discriminations envers les personnes vivant avec le VIH dans le milieu m\u00e9dical | PR\u00c9SENTATION DES R\u00c9SULTATS [&hellip;]<\/p>\n","protected":false},"author":1,"featured_media":12120,"comment_status":"closed","ping_status":"closed","sticky":false,"template":"","format":"standard","meta":{"_acf_changed":false,"footnotes":""},"categories":[13],"tags":[],"class_list":["post-12119","post","type-post","status-publish","format-standard","has-post-thumbnail","hentry","category-facebook"],"acf":{"contenu_flexible":null,"sidebar":null},"_links":{"self":[{"href":"https:\/\/www.vivreaveclevih.org\/fr\/wp-json\/wp\/v2\/posts\/12119","targetHints":{"allow":["GET"]}}],"collection":[{"href":"https:\/\/www.vivreaveclevih.org\/fr\/wp-json\/wp\/v2\/posts"}],"about":[{"href":"https:\/\/www.vivreaveclevih.org\/fr\/wp-json\/wp\/v2\/types\/post"}],"author":[{"embeddable":true,"href":"https:\/\/www.vivreaveclevih.org\/fr\/wp-json\/wp\/v2\/users\/1"}],"replies":[{"embeddable":true,"href":"https:\/\/www.vivreaveclevih.org\/fr\/wp-json\/wp\/v2\/comments?post=12119"}],"version-history":[{"count":0,"href":"https:\/\/www.vivreaveclevih.org\/fr\/wp-json\/wp\/v2\/posts\/12119\/revisions"}],"wp:featuredmedia":[{"embeddable":true,"href":"https:\/\/www.vivreaveclevih.org\/fr\/wp-json\/wp\/v2\/media\/12120"}],"wp:attachment":[{"href":"https:\/\/www.vivreaveclevih.org\/fr\/wp-json\/wp\/v2\/media?parent=12119"}],"wp:term":[{"taxonomy":"category","embeddable":true,"href":"https:\/\/www.vivreaveclevih.org\/fr\/wp-json\/wp\/v2\/categories?post=12119"},{"taxonomy":"post_tag","embeddable":true,"href":"https:\/\/www.vivreaveclevih.org\/fr\/wp-json\/wp\/v2\/tags?post=12119"}],"curies":[{"name":"wp","href":"https:\/\/api.w.org\/{rel}","templated":true}]}}