{"id":12209,"date":"2026-03-10T10:25:23","date_gmt":"2026-03-10T09:25:23","guid":{"rendered":"https:\/\/www.vivreaveclevih.org\/facebook-192\/"},"modified":"2026-03-23T10:07:47","modified_gmt":"2026-03-23T09:07:47","slug":"facebook-192","status":"publish","type":"post","link":"https:\/\/www.vivreaveclevih.org\/fr\/facebook-192\/","title":{"rendered":"Facebook"},"content":{"rendered":"<p>\u00c0 l\u2019occasion de la Journ\u00e9e mondiale de lutte contre la discrimination, le 1er mars, nous c\u00e9l\u00e9brons le droit de chacun \u00e0 vivre une vie pleine et productive dans la dignit\u00e9.<\/p>\n<p>Cette ann\u00e9e, l\u2019ONUSIDA met en lumi\u00e8re la discrimination persistante dont sont victimes les personnes vivant avec le VIH ou expos\u00e9es au risque de contamination. Cette discrimination compromet l\u2019acc\u00e8s aux services de sant\u00e9, viole les droits et freine les progr\u00e8s vers l\u2019objectif d\u2019\u00e9radication du sida d\u2019ici \u00e0 2030.<\/p>\n<p>Cette ann\u00e9e, la Journ\u00e9e mondiale de lutte contre la discrimination souligne la n\u00e9cessit\u00e9 de placer les personnes au c\u0153ur des pr\u00e9occupations.<\/p>\n<p><a href=\"https:\/\/www.facebook.com\/hashtag\/PeopleFirst\" target=\"_blank\" rel=\"noopener\">#PeopleFirst<\/a> <a href=\"https:\/\/www.facebook.com\/hashtag\/ZeroDiscrimination\" target=\"_blank\" rel=\"noopener\">#ZeroDiscrimination<\/a> <a href=\"https:\/\/www.facebook.com\/hashtag\/ZeroDiscriminationDay\" target=\"_blank\" rel=\"noopener\">#ZeroDiscriminationDay<\/a> UNAIDS<\/p>\n","protected":false},"excerpt":{"rendered":"<p>\u00c0 l\u2019occasion de la Journ\u00e9e mondiale de lutte contre la discrimination, le 1er mars, nous c\u00e9l\u00e9brons le droit de chacun [&hellip;]<\/p>\n","protected":false},"author":1,"featured_media":12226,"comment_status":"closed","ping_status":"closed","sticky":false,"template":"","format":"standard","meta":{"_acf_changed":false,"footnotes":""},"categories":[13],"tags":[],"class_list":["post-12209","post","type-post","status-publish","format-standard","has-post-thumbnail","hentry","category-facebook"],"acf":{"sidebar":false,"contenu_flexible":false},"_links":{"self":[{"href":"https:\/\/www.vivreaveclevih.org\/fr\/wp-json\/wp\/v2\/posts\/12209","targetHints":{"allow":["GET"]}}],"collection":[{"href":"https:\/\/www.vivreaveclevih.org\/fr\/wp-json\/wp\/v2\/posts"}],"about":[{"href":"https:\/\/www.vivreaveclevih.org\/fr\/wp-json\/wp\/v2\/types\/post"}],"author":[{"embeddable":true,"href":"https:\/\/www.vivreaveclevih.org\/fr\/wp-json\/wp\/v2\/users\/1"}],"replies":[{"embeddable":true,"href":"https:\/\/www.vivreaveclevih.org\/fr\/wp-json\/wp\/v2\/comments?post=12209"}],"version-history":[{"count":1,"href":"https:\/\/www.vivreaveclevih.org\/fr\/wp-json\/wp\/v2\/posts\/12209\/revisions"}],"predecessor-version":[{"id":12227,"href":"https:\/\/www.vivreaveclevih.org\/fr\/wp-json\/wp\/v2\/posts\/12209\/revisions\/12227"}],"wp:featuredmedia":[{"embeddable":true,"href":"https:\/\/www.vivreaveclevih.org\/fr\/wp-json\/wp\/v2\/media\/12226"}],"wp:attachment":[{"href":"https:\/\/www.vivreaveclevih.org\/fr\/wp-json\/wp\/v2\/media?parent=12209"}],"wp:term":[{"taxonomy":"category","embeddable":true,"href":"https:\/\/www.vivreaveclevih.org\/fr\/wp-json\/wp\/v2\/categories?post=12209"},{"taxonomy":"post_tag","embeddable":true,"href":"https:\/\/www.vivreaveclevih.org\/fr\/wp-json\/wp\/v2\/tags?post=12209"}],"curies":[{"name":"wp","href":"https:\/\/api.w.org\/{rel}","templated":true}]}}