{"id":12215,"date":"2026-03-10T10:58:41","date_gmt":"2026-03-10T09:58:41","guid":{"rendered":"https:\/\/www.vivreaveclevih.org\/facebook-193\/"},"modified":"2026-03-23T10:08:38","modified_gmt":"2026-03-23T09:08:38","slug":"facebook-193","status":"publish","type":"post","link":"https:\/\/www.vivreaveclevih.org\/fr\/facebook-193\/","title":{"rendered":"Facebook"},"content":{"rendered":"<p>On vous partage les recettes re\u00e7ues durant notre atelier avec le CHU de Li\u00e8ge \ud83d\ude0d des id\u00e9es saines (mais d\u00e9licieuses), faciles \u00e0 pr\u00e9parer et accessibles aux petits portefeuilles. Notez aussi comment faire discr\u00e8tement manger des l\u00e9gumes aux enfants \ud83d\ude07<\/p>\n<p><a href=\"https:\/\/www.facebook.com\/hashtag\/recettefacile\" target=\"_blank\" rel=\"noopener\">#recettefacile<\/a> <a href=\"https:\/\/www.facebook.com\/hashtag\/sante\" target=\"_blank\" rel=\"noopener\">#sante<\/a>\u0301etbiene\u0302tre <a href=\"https:\/\/www.facebook.com\/hashtag\/bonneidee\" target=\"_blank\" rel=\"noopener\">#bonneidee<\/a><\/p>\n","protected":false},"excerpt":{"rendered":"<p>On vous partage les recettes re\u00e7ues durant notre atelier avec le CHU de Li\u00e8ge \ud83d\ude0d des id\u00e9es saines (mais d\u00e9licieuses), [&hellip;]<\/p>\n","protected":false},"author":1,"featured_media":12228,"comment_status":"closed","ping_status":"closed","sticky":false,"template":"","format":"standard","meta":{"_acf_changed":false,"footnotes":""},"categories":[13],"tags":[],"class_list":["post-12215","post","type-post","status-publish","format-standard","has-post-thumbnail","hentry","category-facebook"],"acf":{"sidebar":false,"contenu_flexible":false},"_links":{"self":[{"href":"https:\/\/www.vivreaveclevih.org\/fr\/wp-json\/wp\/v2\/posts\/12215","targetHints":{"allow":["GET"]}}],"collection":[{"href":"https:\/\/www.vivreaveclevih.org\/fr\/wp-json\/wp\/v2\/posts"}],"about":[{"href":"https:\/\/www.vivreaveclevih.org\/fr\/wp-json\/wp\/v2\/types\/post"}],"author":[{"embeddable":true,"href":"https:\/\/www.vivreaveclevih.org\/fr\/wp-json\/wp\/v2\/users\/1"}],"replies":[{"embeddable":true,"href":"https:\/\/www.vivreaveclevih.org\/fr\/wp-json\/wp\/v2\/comments?post=12215"}],"version-history":[{"count":1,"href":"https:\/\/www.vivreaveclevih.org\/fr\/wp-json\/wp\/v2\/posts\/12215\/revisions"}],"predecessor-version":[{"id":12229,"href":"https:\/\/www.vivreaveclevih.org\/fr\/wp-json\/wp\/v2\/posts\/12215\/revisions\/12229"}],"wp:featuredmedia":[{"embeddable":true,"href":"https:\/\/www.vivreaveclevih.org\/fr\/wp-json\/wp\/v2\/media\/12228"}],"wp:attachment":[{"href":"https:\/\/www.vivreaveclevih.org\/fr\/wp-json\/wp\/v2\/media?parent=12215"}],"wp:term":[{"taxonomy":"category","embeddable":true,"href":"https:\/\/www.vivreaveclevih.org\/fr\/wp-json\/wp\/v2\/categories?post=12215"},{"taxonomy":"post_tag","embeddable":true,"href":"https:\/\/www.vivreaveclevih.org\/fr\/wp-json\/wp\/v2\/tags?post=12215"}],"curies":[{"name":"wp","href":"https:\/\/api.w.org\/{rel}","templated":true}]}}