{"id":12249,"date":"2026-03-30T12:03:14","date_gmt":"2026-03-30T10:03:14","guid":{"rendered":"https:\/\/www.vivreaveclevih.org\/facebook-195\/"},"modified":"2026-03-30T12:03:14","modified_gmt":"2026-03-30T10:03:14","slug":"facebook-195","status":"publish","type":"post","link":"https:\/\/www.vivreaveclevih.org\/fr\/facebook-195\/","title":{"rendered":"Facebook"},"content":{"rendered":"<p>Actions Plus, groupe de r\u00e9flexion, de communication et d\u2019action sur la s\u00e9ropositivit\u00e9 existe depuis fin 2005 en tant que projet encadr\u00e9 par la Plateforme Pr\u00e9vention Sida. Il propose aux personnes vivant avec le VIH en Belgique de s\u2019impliquer dans la r\u00e9alisation d\u2019outils et d\u2019activit\u00e9s \u00e0 l\u2019attention des personnes vivant avec le VIH, leurs proches et\/ou les professionnel\u00b7les de la sant\u00e9.<br \/>\nPlus d&rsquo;infos \ud83d\udc49 <a href=\"https:\/\/www.vivreaveclevih.org\/fr\/activites\/actions-plus\/\" target=\"_blank\">https:\/\/www.vivreaveclevih.org\/fr\/activites\/actions-plus\/<\/a><br \/>\n<a href=\"https:\/\/www.facebook.com\/hashtag\/groupedeparole\" target=\"_blank\">#groupedeparole<\/a> <a href=\"https:\/\/www.facebook.com\/hashtag\/soins\" target=\"_blank\">#soins<\/a> <a href=\"https:\/\/www.facebook.com\/hashtag\/sant\" target=\"_blank\">#sant<\/a>\u00e9<\/p>\n","protected":false},"excerpt":{"rendered":"<p>Actions Plus, groupe de r\u00e9flexion, de communication et d\u2019action sur la s\u00e9ropositivit\u00e9 existe depuis fin 2005 en tant que projet [&hellip;]<\/p>\n","protected":false},"author":1,"featured_media":12250,"comment_status":"closed","ping_status":"closed","sticky":false,"template":"","format":"standard","meta":{"_acf_changed":false,"footnotes":""},"categories":[13],"tags":[],"class_list":["post-12249","post","type-post","status-publish","format-standard","has-post-thumbnail","hentry","category-facebook"],"acf":{"contenu_flexible":null,"sidebar":null},"_links":{"self":[{"href":"https:\/\/www.vivreaveclevih.org\/fr\/wp-json\/wp\/v2\/posts\/12249","targetHints":{"allow":["GET"]}}],"collection":[{"href":"https:\/\/www.vivreaveclevih.org\/fr\/wp-json\/wp\/v2\/posts"}],"about":[{"href":"https:\/\/www.vivreaveclevih.org\/fr\/wp-json\/wp\/v2\/types\/post"}],"author":[{"embeddable":true,"href":"https:\/\/www.vivreaveclevih.org\/fr\/wp-json\/wp\/v2\/users\/1"}],"replies":[{"embeddable":true,"href":"https:\/\/www.vivreaveclevih.org\/fr\/wp-json\/wp\/v2\/comments?post=12249"}],"version-history":[{"count":0,"href":"https:\/\/www.vivreaveclevih.org\/fr\/wp-json\/wp\/v2\/posts\/12249\/revisions"}],"wp:featuredmedia":[{"embeddable":true,"href":"https:\/\/www.vivreaveclevih.org\/fr\/wp-json\/wp\/v2\/media\/12250"}],"wp:attachment":[{"href":"https:\/\/www.vivreaveclevih.org\/fr\/wp-json\/wp\/v2\/media?parent=12249"}],"wp:term":[{"taxonomy":"category","embeddable":true,"href":"https:\/\/www.vivreaveclevih.org\/fr\/wp-json\/wp\/v2\/categories?post=12249"},{"taxonomy":"post_tag","embeddable":true,"href":"https:\/\/www.vivreaveclevih.org\/fr\/wp-json\/wp\/v2\/tags?post=12249"}],"curies":[{"name":"wp","href":"https:\/\/api.w.org\/{rel}","templated":true}]}}